{"id":58194,"date":"2020-02-26T12:26:24","date_gmt":"2020-02-26T15:26:24","guid":{"rendered":"https:\/\/www.actualidadadiario.com\/?p=58194"},"modified":"2020-02-26T12:26:24","modified_gmt":"2020-02-26T15:26:24","slug":"vina-del-mar-con-potencia-feminista-mon-laferte-encabezo-los-reclamos-contra-pinera","status":"publish","type":"post","link":"https:\/\/www.actualidadadiario.com\/index.php\/2020\/02\/26\/vina-del-mar-con-potencia-feminista-mon-laferte-encabezo-los-reclamos-contra-pinera\/","title":{"rendered":"Vi\u00f1a del Mar: con potencia feminista, Mon Laferte encabez\u00f3 los reclamos contra Pi\u00f1era"},"content":{"rendered":"<p style=\"text-align: center;\"><em><strong>Durante su show en la segunda jornada del m\u00edtico festival, la cantante desarroll\u00f3 un fuerte alegato contra las desigualdades y la represi\u00f3n que se viven en Chile<\/strong><\/em><\/p>\n<p>&nbsp;<\/p>\n<p>&nbsp;<\/p>\n<p>Las medidas de seguridad no lograron impedir que el estallido social se filtrara nuevamente por los rincones en la segunda noche del Festival de Vi\u00f1a, denominada &#8220;noche de las mujeres chilenas&#8221;, una jornada de fuerte presencia feminista en la que varios artistas expresaron sin tapujos sus puntos de vista sobre la situaci\u00f3n pol\u00edtica que tensa a Chile desde el 18 de octubre pasado.<\/p>\n<p>La primera noche -el domingo-, un fuerte dispositivo policial no hab\u00eda logrado impedir los disturbios, saqueos y quema de veh\u00edculos en los alrededores de la Quinta Vergara, sede del encuentro, mientras al interior durante el desarrollo del certamen, las consignas, pancartas y c\u00e1nticos contra el gobierno y a favor de las protestas se hac\u00edan ensordecedoras.<\/p>\n<p>El esperado climax de la segunda noche, repleta de s\u00edmbolos feministas y alusiones al plebiscito constitucional que los chilenos celebrar\u00e1n el 26 de abril para definir si quieren o no una nueva Constituci\u00f3n y los mecanismo para elaborarla, se produjo con la artista Mon Laferte.<\/p>\n<p>&#8220;Es tan dif\u00edcil quedarse callada cuando uno lo vivi\u00f3 en carne propia, porque no toda la gente sabe lo que es cagarse de hambre de verdad&#8221;, arranc\u00f3 la artista que en varios escenarios internacionales expres\u00f3 su abierto apoyo a las manifestaciones.<\/p>\n<p>&#8220;Si me tienen que llevar presa por decir lo que pienso, m\u00e9tanme presa&#8221; dijo y larg\u00f3 con su hist\u00f3rica actuaci\u00f3n en medio de una ovaci\u00f3n de la galer\u00eda y los aplausos algo m\u00e1s discretos de la platea. Incluso, ante el caracter\u00edstico canto del p\u00fablico &#8216;El que no salta es paco&#8217;, Laferte comenz\u00f3 a saltar y potenci\u00f3 el reclamo.<\/p>\n<p>En una noche emotiva, la artista invit\u00f3 a medio centenar de cantautoras y compositoras de folklore chileno al escenario, y con una de ellas -la cantante Francisca Valenzuela-, bail\u00f3 dos cuecas en las que us\u00f3 un pa\u00f1uelo verde, s\u00edmbolo del aborto libre, seguro y gratuito.<\/p>\n<p>Cuando Valenzuela realiz\u00f3 su show, entr\u00f3 al escenario con un abrigo negro que ten\u00eda escritas varias consignas, como &#8220;No + impunidad&#8221; y &#8220;Feminismo es revoluci\u00f3n&#8221; y interpret\u00f3 su canci\u00f3n &#8220;Los poderosos&#8221;, con una bandera negra de Chile de fondo.<\/p>\n<p>Otros artistas que no eludieron la coyuntura pol\u00edtica fueron la humorista Javiera Contador, cuya rutina tuvo permanente alusiones al estallido social, al aborto y al plebiscito, y llam\u00f3 directamente votar por una nueva Constituci\u00f3n.<\/p>\n<p>La jornada anterior hab\u00eda tenido una fuerte impronta pol\u00edtica por los dichos del puertorrique\u00f1o Ricky Martin, quien pidi\u00f3 a los chilenos que luchen por &#8220;exigir lo b\u00e1sico, los derechos humanos&#8221; y por la actuaci\u00f3n del humorista Stephan Kramer, que con un hito hist\u00f3rico de 57 puntos de rating reivindic\u00f3 la &#8220;primera l\u00ednea&#8221; el grupo de j\u00f3venes que defiende de la polic\u00eda a los manifestantes.<\/p>\n<p>En medio de una atm\u00f3sfera pol\u00edtica densa, con el estallido social en el n\u00facleo de la agenda pol\u00edtica y con el presidente Sebasti\u00e1n Pi\u00f1era sin poder encontrarle la soluci\u00f3n, el festival se transform\u00f3 en una pantalla que record\u00f3 al mundo que la protesta chilena mantiene su vitalidad, m\u00e1s de cuatro meses despu\u00e9s de iniciada el 18 de octubre\u00b7. El &#8220;monstruo&#8221; hizo o\u00edr su voz como todos los a\u00f1os, pero ahora no para abuchear o levantar artistas, sino contra los partidos y los pol\u00edticos.<\/p>\n<p>Este lunes, Carabineros inform\u00f3 que detuvo a 31 personas en el marco de las protestas e incidentes, 30 de ellos por des\u00f3rdenes en la v\u00eda p\u00fablica, mientras que sobre el restante pesa una orden de detenci\u00f3n vigente.<\/p>\n<p>La mayor\u00eda de las detenciones se registraron en sectores cercanos a la Quinta Vergara donde se desataron des\u00f3rdenes y lanzamiento de objetos contundentes hacia efectivos.Este lunes, Carabineros inform\u00f3 que detuvo a 31 personas en el marco de las protestas e incidentes, 30 de ellos por des\u00f3rdenes en la v\u00eda p\u00fablica, mientras que sobre el restante pesa una orden de detenci\u00f3n vigente.<\/p>\n<p>La mayor\u00eda de las detenciones se registraron en sectores cercanos a la Quinta Vergara donde se desataron des\u00f3rdenes y lanzamiento de objetos contundentes hacia efectivos.<\/p>\n","protected":false},"excerpt":{"rendered":"<p>Durante su show en la segunda jornada del m\u00edtico festival, la cantante desarroll\u00f3 un fuerte alegato contra las desigualdades y la represi\u00f3n que se viven en Chile &nbsp; &nbsp; Las medidas de seguridad no lograron impedir que el estallido social se filtrara nuevamente por los rincones en la segunda noche del Festival de Vi\u00f1a, denominada &#8220;noche de las mujeres chilenas&#8221;, una jornada de fuerte presencia feminista en la que varios artistas expresaron sin tapujos sus puntos de vista sobre la situaci\u00f3n pol\u00edtica que tensa a Chile desde el 18 de&#8230;<\/p>\n","protected":false},"author":3,"featured_media":58195,"comment_status":"closed","ping_status":"closed","sticky":false,"template":"","format":"standard","meta":[],"categories":[4],"tags":[],"_links":{"self":[{"href":"https:\/\/www.actualidadadiario.com\/index.php\/wp-json\/wp\/v2\/posts\/58194"}],"collection":[{"href":"https:\/\/www.actualidadadiario.com\/index.php\/wp-json\/wp\/v2\/posts"}],"about":[{"href":"https:\/\/www.actualidadadiario.com\/index.php\/wp-json\/wp\/v2\/types\/post"}],"author":[{"embeddable":true,"href":"https:\/\/www.actualidadadiario.com\/index.php\/wp-json\/wp\/v2\/users\/3"}],"replies":[{"embeddable":true,"href":"https:\/\/www.actualidadadiario.com\/index.php\/wp-json\/wp\/v2\/comments?post=58194"}],"version-history":[{"count":1,"href":"https:\/\/www.actualidadadiario.com\/index.php\/wp-json\/wp\/v2\/posts\/58194\/revisions"}],"predecessor-version":[{"id":58196,"href":"https:\/\/www.actualidadadiario.com\/index.php\/wp-json\/wp\/v2\/posts\/58194\/revisions\/58196"}],"wp:featuredmedia":[{"embeddable":true,"href":"https:\/\/www.actualidadadiario.com\/index.php\/wp-json\/wp\/v2\/media\/58195"}],"wp:attachment":[{"href":"https:\/\/www.actualidadadiario.com\/index.php\/wp-json\/wp\/v2\/media?parent=58194"}],"wp:term":[{"taxonomy":"category","embeddable":true,"href":"https:\/\/www.actualidadadiario.com\/index.php\/wp-json\/wp\/v2\/categories?post=58194"},{"taxonomy":"post_tag","embeddable":true,"href":"https:\/\/www.actualidadadiario.com\/index.php\/wp-json\/wp\/v2\/tags?post=58194"}],"curies":[{"name":"wp","href":"https:\/\/api.w.org\/{rel}","templated":true}]}}