{"id":58188,"date":"2020-02-26T12:24:46","date_gmt":"2020-02-26T15:24:46","guid":{"rendered":"https:\/\/www.actualidadadiario.com\/?p=58188"},"modified":"2020-02-26T12:24:46","modified_gmt":"2020-02-26T15:24:46","slug":"una-relacion-que-vuelve-con-rispideces","status":"publish","type":"post","link":"https:\/\/www.actualidadadiario.com\/index.php\/2020\/02\/26\/una-relacion-que-vuelve-con-rispideces\/","title":{"rendered":"Una relaci\u00f3n que vuelve con rispideces"},"content":{"rendered":"<p style=\"text-align: center;\"><em><strong>Alberto Fern\u00e1ndez no ir\u00e1 a la asunci\u00f3n de Lacalle Pou y todav\u00eda no se estableci\u00f3 cu\u00e1ndo se van a reunir. UPM-Botnia construir\u00e1 una pastera m\u00e1s grande que la anterior<\/strong><\/em><\/p>\n<p>&nbsp;<\/p>\n<p>&nbsp;<\/p>\n<p>Todav\u00eda no hay fecha definida para la reuni\u00f3n entre Alberto Fern\u00e1ndez y el Luis Lacalle Pou, quien asumir\u00e1 la presidencia de Uruguay el domingo, el mismo d\u00eda que el presidente argentino abrir\u00e1 las sesiones ordinarias en el Congreso. Ayer, el embajador Alberto Iribarne pas\u00f3 por Montevideo para mantener los primeros contactos informales con los nuevos funcionarios y empezar a conversar sobre el encuentro. Ocurre que para armar la reuni\u00f3n tambi\u00e9n hay que resolver qu\u00e9 conversar\u00e1n sobre un par de cuestiones conflictivas que Iribarne adelant\u00f3 la semana pasada cuando se present\u00f3 en la comisi\u00f3n de Acuerdos del Senado: la muy permisiva pol\u00edtica uruguaya respecto a Malvinas que s\u00f3lo el a\u00f1o pasado permiti\u00f3 13 vuelos militares entre las islas y Montevideo y, por otro lado, construcci\u00f3n de una nueva mega pastera de la finlandesa UPM-Botnia que producir\u00e1 el doble que la que funciona frente a Gualeguaych\u00fa, un tema que vuelve como una maldici\u00f3n a la agenda bilateral.<\/p>\n<p>Originalmente, estaba pautado que Alberto Fern\u00e1ndez abriera las sesiones por la ma\u00f1ana e inmediatamente viajara a Montevideo para participar de la asunci\u00f3n de Lacalle Pou, una forma de retribuir la importante participaci\u00f3n uruguaya en la ceremonia del 10 de diciembre pasado, que incluy\u00f3 al presidente por entonces en funciones, Tabar\u00e9 V\u00e1zquez, al electo Lacalle Pou y al ex presidente Jos\u00e9 Mujica. Pero a partir de que el presidente de Brasil, Jair Bolsonaro, anunciara que esperaba encontrarse en Montevideo con Fern\u00e1ndez, el presidente argentino puso su participaci\u00f3n en duda hasta que qued\u00f3 definitivamente descartada. Hubo m\u00e1s de un motivo para la suspensi\u00f3n. Uno, fue no aparecer cumpliendo los deseos de Bolsonaro, quien lo viene destratando desde hace tiempo. Otro, no opacar con otras noticias el mensaje de apertura de sesiones que dar\u00e1 el domingo, al que le quiere dar relevancia. Todav\u00eda no est\u00e1 definida la delegaci\u00f3n que viajar\u00e1 en su reemplazo a Uruguay, se supone que encabezada por el canciller Felipe Sol\u00e1.<\/p>\n<p>De los contactos que ayer mantuvo Iribarne -todo informal porque todav\u00eda no sali\u00f3 el decreto design\u00e1ndolo embajador- no avanzaron demasiado en el armado de la reuni\u00f3n. Cerca del embajador aseguraban que no hab\u00eda rispideces en la agenda bilateral, pero cuando se present\u00f3 en la comisi\u00f3n de acuerdos hizo un repaso de la relaci\u00f3n en la que detall\u00f3 los problemas que deber\u00eda afrontar, con la nueva pastera en primer lugar. El tema ya sign\u00f3 el v\u00ednculo durante el mandato de N\u00e9stor Kirchner, cuando Alberto Fern\u00e1ndez era el jefe de Gabinete. En aquel momento la controversia escal\u00f3 hasta la Corte Internacional de La Haya, que emiti\u00f3 un fallo que habilit\u00f3 la pastera aunque someti\u00e9ndola a una serie de controles.<\/p>\n<p>En esta ocasi\u00f3n, seg\u00fan detall\u00f3 Iribarne en su mensaje en el Senado, nuevamente Uruguay no cumpli\u00f3 con el requisito de avisar previamente sobre la obra a la CARU (Comisi\u00f3n Administrativa del r\u00edo Uruguay), el ente binacional por el que debe pasar cualquier novedad que se registre en la v\u00eda h\u00eddrica. La pastera se ubicar\u00e1 en la localidad de Paso de los Toros, en la orilla del r\u00edo Negro, que 200 kil\u00f3metros despu\u00e9s desemboca en el r\u00edo Uruguay. El portal La Politica Online inform\u00f3 ayer que un reciente estudio de la CARU revel\u00f3 valores de contaminaci\u00f3n superiores a los establecidos en 13 par\u00e1metros del r\u00edo Uruguay. As\u00ed que las perspectivas no son nada buenas para cuando comience a funcionar la nueva planta, cuyas obras comenzar\u00e1n este a\u00f1o, con fecha de inicio de producci\u00f3n prevista para 2022.<\/p>\n<p>Lo llamativo es la dimensi\u00f3n de la obra prevista, anunciada como la mayor inversi\u00f3n extranjera directa de la historia de Uruguay, de unos 3 mil millones de d\u00f3lares. Tambi\u00e9n reconstruir\u00e1n el puerto, har\u00e1n rutas y viviendas en los alrededores, con lo que la cifra final se elevar\u00eda hasta los 4 mil millones, lo que representar\u00e1 el 1 por ciento del PBI uruguayo. Cuando est\u00e9 lista, la UPM-Botnia 2 producir\u00e1 el doble que la planta anterior, m\u00e1s de 2 millones de toneladas de pasta de celulosa. La instalaci\u00f3n seguramente volver\u00e1 a abrir la discusi\u00f3n acerca de la radicaci\u00f3n de industrias contaminantes de pa\u00edses desarrollados en esta parte del mundo. El a\u00f1o pasado, cuando hizo el anuncio de la inversi\u00f3n Tabar\u00e9 V\u00e1zquez ironiz\u00f3 al respecto. &#8220;Se dec\u00eda que nacer\u00edan ni\u00f1os con dos cabezas, habr\u00eda aumento del n\u00famero de c\u00e1ncer o leucemia, pero pasaron doce a\u00f1os y no sucedi\u00f3 nada de eso&#8221;, dijo el ahora ex presidente.<\/p>\n<p>La otra rispidez -&#8220;diferencias de muy baja intensidad&#8221;, la llam\u00f3 Iribarne para no empezar con el pie izquierdo- tiene que ver con la relaci\u00f3n con el gobierno de Malvinas. Iribarne habl\u00f3 de la existencia de &#8220;un importante lobby brit\u00e1nico&#8221; en Montevideo que posibilit\u00f3 que se dejaran de lado algunas exigencias. Por ejemplo, que s\u00f3lo durante el a\u00f1o pasado hubiera 13 vuelos militares de Malvinas, lo que motiv\u00f3 una protesta formal por parte de la Canciller\u00eda. Se supone -Iribarne habl\u00f3 de un &#8220;acuerdo t\u00e1cito&#8221;- que esos vuelos solo pueden hacer escala en un pa\u00eds del continente en caso de una emergencia, pero no para reabastecerse ni nada por el estilo. En el entorno de Felipe Sol\u00e1 aseguran no haber tocado el tema cuando se reuni\u00f3 la semana pasada con Ernesto Talvi, quien ser\u00e1 su par uruguayo. Pero la cuesti\u00f3n ser\u00e1 otro de los asuntos a discutir por los presidentes.<\/p>\n","protected":false},"excerpt":{"rendered":"<p>Alberto Fern\u00e1ndez no ir\u00e1 a la asunci\u00f3n de Lacalle Pou y todav\u00eda no se estableci\u00f3 cu\u00e1ndo se van a reunir. UPM-Botnia construir\u00e1 una pastera m\u00e1s grande que la anterior &nbsp; &nbsp; Todav\u00eda no hay fecha definida para la reuni\u00f3n entre Alberto Fern\u00e1ndez y el Luis Lacalle Pou, quien asumir\u00e1 la presidencia de Uruguay el domingo, el mismo d\u00eda que el presidente argentino abrir\u00e1 las sesiones ordinarias en el Congreso. Ayer, el embajador Alberto Iribarne pas\u00f3 por Montevideo para mantener los primeros contactos informales con los nuevos funcionarios y empezar a&#8230;<\/p>\n","protected":false},"author":3,"featured_media":58189,"comment_status":"closed","ping_status":"closed","sticky":false,"template":"","format":"standard","meta":[],"categories":[18],"tags":[],"_links":{"self":[{"href":"https:\/\/www.actualidadadiario.com\/index.php\/wp-json\/wp\/v2\/posts\/58188"}],"collection":[{"href":"https:\/\/www.actualidadadiario.com\/index.php\/wp-json\/wp\/v2\/posts"}],"about":[{"href":"https:\/\/www.actualidadadiario.com\/index.php\/wp-json\/wp\/v2\/types\/post"}],"author":[{"embeddable":true,"href":"https:\/\/www.actualidadadiario.com\/index.php\/wp-json\/wp\/v2\/users\/3"}],"replies":[{"embeddable":true,"href":"https:\/\/www.actualidadadiario.com\/index.php\/wp-json\/wp\/v2\/comments?post=58188"}],"version-history":[{"count":1,"href":"https:\/\/www.actualidadadiario.com\/index.php\/wp-json\/wp\/v2\/posts\/58188\/revisions"}],"predecessor-version":[{"id":58190,"href":"https:\/\/www.actualidadadiario.com\/index.php\/wp-json\/wp\/v2\/posts\/58188\/revisions\/58190"}],"wp:featuredmedia":[{"embeddable":true,"href":"https:\/\/www.actualidadadiario.com\/index.php\/wp-json\/wp\/v2\/media\/58189"}],"wp:attachment":[{"href":"https:\/\/www.actualidadadiario.com\/index.php\/wp-json\/wp\/v2\/media?parent=58188"}],"wp:term":[{"taxonomy":"category","embeddable":true,"href":"https:\/\/www.actualidadadiario.com\/index.php\/wp-json\/wp\/v2\/categories?post=58188"},{"taxonomy":"post_tag","embeddable":true,"href":"https:\/\/www.actualidadadiario.com\/index.php\/wp-json\/wp\/v2\/tags?post=58188"}],"curies":[{"name":"wp","href":"https:\/\/api.w.org\/{rel}","templated":true}]}}