{"id":58185,"date":"2020-02-26T12:24:04","date_gmt":"2020-02-26T15:24:04","guid":{"rendered":"https:\/\/www.actualidadadiario.com\/?p=58185"},"modified":"2020-02-26T12:24:04","modified_gmt":"2020-02-26T15:24:04","slug":"el-gobierno-definio-su-voto-para-apartar-a-almagro-de-la-oea","status":"publish","type":"post","link":"https:\/\/www.actualidadadiario.com\/index.php\/2020\/02\/26\/el-gobierno-definio-su-voto-para-apartar-a-almagro-de-la-oea\/","title":{"rendered":"El Gobierno defini\u00f3 su voto para apartar a Almagro de la OEA"},"content":{"rendered":"<p style=\"text-align: center;\"><em><strong>Luego de un debate interno que involucr\u00f3 a parte del Gabinete, el Gobierno empujar\u00e1 fuertemente la candidatura a la conducci\u00f3n de la Organizaci\u00f3n de Estados Americanos (OEA), de la ex canciller ecuatoriana Mar\u00eda Fernanda Espinosa, que podr\u00eda derrotar al actual titular Luis Almagro en las elecciones del pr\u00f3ximo 20 de marzo<\/strong><\/em><\/p>\n<p>&nbsp;<\/p>\n<p>Tres fuentes del Ejecutivo coincidieron ayer, en que &#8220;la decisi\u00f3n de Alberto es ir con Espinosa&#8221;, candidata fogoneada inicialmente por M\u00e9xico y que ocup\u00f3 los gabinetes del ex presidente Rafael Correa y de Len\u00edn Moreno.<\/p>\n<p>De acuerdo con el &#8220;poroteo&#8221; previo y con la clara estrategia de desbancar a Almagro, Espinosa estar\u00eda cerca de lograr los 18 votos necesarios para ganar en primera vuelta, aunque lo m\u00e1s probable es que la OEA resuelva su futuro en una segunda instancia.<\/p>\n<p>Si bien el actual embajador de Per\u00fa en los Estados Unidos, Hugo De Zela, tiene grandes pretensiones de suceder al cuestionado Almagro (es el tercer postulante), para la Casa Rosada &#8220;tiene 3 o 4 votos y no tan seguros, porque el Caribe expresado en el CARICOM apoya a Espinosa, al igual que M\u00e9xico y la Argentina&#8221;.<\/p>\n<p>Hace semanas, el presidente Alberto Fern\u00e1ndez tom\u00f3 nota de que Antigua y Barbuda, Bahamas, Barbados, Belice, Dominica, Granada, Guyana, Hait\u00ed, Jamaica, Montserrat, Santa Luc\u00eda, San Crist\u00f3bal y Nievas, San Vicente y las Granadinas, Surinam, y Trinidad y Tobago se inclinar\u00edan por Espinosa, aunque el panorama no est\u00e1 definitivamente consolidado.<\/p>\n<p>Haciendo muy sencillas cuentas, se podr\u00edan tratar de 15 votos s\u00f3lo en el Caribe, que se elevar\u00edan a 17 con M\u00e9xico y la Argentina. Es decir, a un solo sufragio de ganar en primer vuelta y &#8220;correr de la cancha&#8221; a Almagro, que apoy\u00f3 el golpe de Estado en Bolivia y antes, la presidencia simb\u00f3lica de Juan Guaid\u00f3 en Venezuela.<\/p>\n<p>El propio canciller Sol\u00e1 lo critic\u00f3 abiertamente y lo acus\u00f3 de ser &#8220;un provocador&#8221; y de &#8220;no decir siempre la verdad&#8221;. Hace poco, se\u00f1al\u00f3 que &#8220;fue presentado como un progresista, pero una vez que lleg\u00f3 se empez\u00f3 a dar vuelta cada vez en mayor medida, se rode\u00f3 muy mal y a partir de ah\u00ed, la impresi\u00f3n que da es que juega a la divisi\u00f3n absoluta de los pa\u00edses.<\/p>\n<p>A su vez, el gobierno argentino tiene diferencias de posturas respecto a Venezuela. Almagro reconoci\u00f3 a Juan Guaid\u00f3 como autoridad leg\u00edtima y el actual gobierno de Fern\u00e1ndez le quit\u00f3 recientemente las credenciales diplom\u00e1ticas a Elisa Trotta Gamus, la embajadora en Argentina designada por Guaid\u00f3.<\/p>\n<p>El Gobierno siempre enfrent\u00f3 las aspiraciones de Almagro, quien se anot\u00f3 por un segundo mandato quinquenal pese a que se hab\u00eda comprometido a no buscar la reelecci\u00f3n cuando obtuvo el cargo, en 2015. &#8220;Lo de Almagro no amerita la reelecci\u00f3n. No ha respetado las normas de la OEA, ha incumplido el mandato por el cual fue elegido. La funci\u00f3n es velar por los derechos humanos, la democracia y fomentar el di\u00e1logo. Nada de eso ha cumplido&#8221;, sostuvieron fuentes de Canciller\u00eda.<\/p>\n","protected":false},"excerpt":{"rendered":"<p>Luego de un debate interno que involucr\u00f3 a parte del Gabinete, el Gobierno empujar\u00e1 fuertemente la candidatura a la conducci\u00f3n de la Organizaci\u00f3n de Estados Americanos (OEA), de la ex canciller ecuatoriana Mar\u00eda Fernanda Espinosa, que podr\u00eda derrotar al actual titular Luis Almagro en las elecciones del pr\u00f3ximo 20 de marzo &nbsp; Tres fuentes del Ejecutivo coincidieron ayer, en que &#8220;la decisi\u00f3n de Alberto es ir con Espinosa&#8221;, candidata fogoneada inicialmente por M\u00e9xico y que ocup\u00f3 los gabinetes del ex presidente Rafael Correa y de Len\u00edn Moreno. De acuerdo con&#8230;<\/p>\n","protected":false},"author":3,"featured_media":58186,"comment_status":"closed","ping_status":"closed","sticky":false,"template":"","format":"standard","meta":[],"categories":[18],"tags":[],"_links":{"self":[{"href":"https:\/\/www.actualidadadiario.com\/index.php\/wp-json\/wp\/v2\/posts\/58185"}],"collection":[{"href":"https:\/\/www.actualidadadiario.com\/index.php\/wp-json\/wp\/v2\/posts"}],"about":[{"href":"https:\/\/www.actualidadadiario.com\/index.php\/wp-json\/wp\/v2\/types\/post"}],"author":[{"embeddable":true,"href":"https:\/\/www.actualidadadiario.com\/index.php\/wp-json\/wp\/v2\/users\/3"}],"replies":[{"embeddable":true,"href":"https:\/\/www.actualidadadiario.com\/index.php\/wp-json\/wp\/v2\/comments?post=58185"}],"version-history":[{"count":1,"href":"https:\/\/www.actualidadadiario.com\/index.php\/wp-json\/wp\/v2\/posts\/58185\/revisions"}],"predecessor-version":[{"id":58187,"href":"https:\/\/www.actualidadadiario.com\/index.php\/wp-json\/wp\/v2\/posts\/58185\/revisions\/58187"}],"wp:featuredmedia":[{"embeddable":true,"href":"https:\/\/www.actualidadadiario.com\/index.php\/wp-json\/wp\/v2\/media\/58186"}],"wp:attachment":[{"href":"https:\/\/www.actualidadadiario.com\/index.php\/wp-json\/wp\/v2\/media?parent=58185"}],"wp:term":[{"taxonomy":"category","embeddable":true,"href":"https:\/\/www.actualidadadiario.com\/index.php\/wp-json\/wp\/v2\/categories?post=58185"},{"taxonomy":"post_tag","embeddable":true,"href":"https:\/\/www.actualidadadiario.com\/index.php\/wp-json\/wp\/v2\/tags?post=58185"}],"curies":[{"name":"wp","href":"https:\/\/api.w.org\/{rel}","templated":true}]}}