{"id":58179,"date":"2020-02-26T12:22:37","date_gmt":"2020-02-26T15:22:37","guid":{"rendered":"https:\/\/www.actualidadadiario.com\/?p=58179"},"modified":"2020-02-26T12:22:37","modified_gmt":"2020-02-26T15:22:37","slug":"diputados-inicia-el-debate-de-la-reforma-ante-el-alerta-de-mas-renuncias-de-jueces","status":"publish","type":"post","link":"https:\/\/www.actualidadadiario.com\/index.php\/2020\/02\/26\/diputados-inicia-el-debate-de-la-reforma-ante-el-alerta-de-mas-renuncias-de-jueces\/","title":{"rendered":"Diputados inicia el debate de la reforma ante el alerta de m\u00e1s renuncias de jueces"},"content":{"rendered":"<p style=\"text-align: center;\"><em><strong>El proyecto comenzar\u00e1 a ser tratado en un plenario de comisiones. El presidente del Consejo de la Magistratura advirti\u00f3 que &#8220;entre 100 y 150 jueces renunciar\u00edan de aprobarse esta ley&#8221;<\/strong><\/em><\/p>\n<p>&nbsp;<\/p>\n<p>&nbsp;<\/p>\n<p>El proyecto del Poder Ejecutivo que modifica el r\u00e9gimen especial jubilatorio y de pensiones de jueces y diplom\u00e1ticos comenzar\u00e1 a ser tratado este mi\u00e9rcoles en la C\u00e1mara de Diputados en un plenario de comisiones, mientras que el presidente del Consejo de la Magistratura, Alberto Lugones, advirti\u00f3 hoy que &#8220;entre 100 y 150 jueces renunciar\u00edan de aprobarse esta ley&#8221;.<\/p>\n<p>La reuni\u00f3n del plenario de las comisiones de Presupuesto, presidida por el kirchnerista Carlos Heller, y de Previsi\u00f3n, que ser\u00e1 encabezada por el tambi\u00e9n oficialista Marcelo Cassareto, est\u00e1 prevista a las 14 y los legisladores escuchar\u00e1n primero las opiniones de los diferentes invitados, y luego se abocar\u00e1n al debate entre los diputados.<\/p>\n<p>Los legisladores convocaron para que expongan sobre la iniciativa a representantes de la Asociaci\u00f3n de Magistrados, la Asociaci\u00f3n de Fiscales y Funcionarios del Ministerio P\u00fablico Fiscal de la Naci\u00f3n (Affun), la Uni\u00f3n de Empleados Judiciales de la Naci\u00f3n (UEJN) y la Asociaci\u00f3n Profesional del Cuerpo Permanente del Servicio Exterior de la Naci\u00f3n (APSEN).<\/p>\n<p>Est\u00e1 previsto que tambi\u00e9n se manifiesten sobre el proyecto, que ingres\u00f3 a la c\u00e1mara baja el 14 de febrero, el ministro de Trabajo, Claudio Moroni, el secretario de Seguridad Social, Luis Bulit Go\u00f1i, y el director ejecutivo de la ANSES, Alejandro Vanoli.<\/p>\n<p>El presidente del Consejo de la Magistratura dijo hoy en declaraciones a T\u00e9lam que &#8220;entre 100 y 150 jueces renunciar\u00edan de aprobarse esta ley&#8221; y afirm\u00f3 que se trata de magistrados que &#8220;ya tienen la jubilaci\u00f3n concedida por cumplir con los requisitos de edad (60 a\u00f1os) y aportes (m\u00e1s de 30 a\u00f1os)&#8221;.<\/p>\n<p>Lugones, camarista en San Mart\u00edn, asegur\u00f3 que la oleada de jubilaciones &#8220;generar\u00eda entre 380 y 430 vacantes&#8221; en el Poder Judicial, ya que se suman a los 130 pliegos que actualmente est\u00e1n en concurso en el Consejo de la Magistratura para cubrir cargos vacantes, algo que no se resuelve &#8220;de un d\u00eda para otro&#8221;, sino que lleva &#8220;a veces meses&#8221; debido al proceso natural que requiere el tr\u00e1mite.<\/p>\n<p>&#8220;El Poder Judicial se quedar\u00eda con la mitad de los jueces activos para seguir cumpliendo sus tareas en los tribunales del pa\u00eds&#8221; teniendo en cuenta que en total en la actualidad son 960, manifest\u00f3 y sostuvo que con esto se reducir\u00eda a &#8220;casi la mitad, m\u00e1s exactamente el 45 por ciento&#8221; la cantidad de jueces.<\/p>\n<p>El ministro de Trabajo dijo en declaraciones a T\u00e9lam que &#8220;la realidad es que el de jueces y servicio exterior es un r\u00e9gimen que provoca un d\u00e9ficit enorme y requiere que el resto de la masa de aportantes pongan mucha plata&#8221; y aclar\u00f3 que &#8220;no&#8221; pretenden que &#8220;los jueces compartan sus beneficios con el resto, sino que requieran menos aportes del resto de la poblaci\u00f3n de Anses&#8221;.<\/p>\n<p>Moroni manifest\u00f3 que con el proyecto se mantiene &#8220;la tasa de sustituci\u00f3n del 82 por ciento&#8221; y que &#8220;lo \u00fanico&#8221; que proponen es que &#8220;en lugar de calcular sobre el \u00faltimo haber se calcule sobre un aumento del promedio de los \u00faltimos diez a\u00f1os&#8221; porque &#8220;tiene m\u00e1s relaci\u00f3n el promedio de los \u00faltimos 120 meses con el esfuerzo contributivo de cada uno&#8221;.<\/p>\n<p>Diputados nacionales de Juntos por el Cambio, por su parte, buscaban definir su posici\u00f3n sobre la iniciativa en reuniones que realizaron en el anexo C de la c\u00e1mara baja para interiorizarse sobre temas t\u00e9cnicos del proyecto de ley.<\/p>\n<p>A las 11.30, en tanto, realizar\u00e1n otro encuentro, que ser\u00e1 m\u00e1s pol\u00edtico y definitorio, ya que decidir\u00e1n sobre el qu\u00f3rum y la estrategia de cara a la posici\u00f3n que llevar\u00e1n al recinto, del que participar\u00e1n los 116 diputados que integran el interbloque.<\/p>\n<p>El diputado del PRO, Pablo Tonelli, dijo en declaraciones a T\u00e9lam que no puede aventurar una voz un\u00e1nime sobre el texto, debido a que &#8220;las posiciones son muy dispares&#8221; dentro del bloque que integra y destac\u00f3 su iniciativa sobre jubilaciones de privilegio, diferente al del Poder Ejecutivo en &#8220;el modo de determinar el haber y la actualizaci\u00f3n&#8221;.<\/p>\n<p>El Frente de Todos tiene previsto tratar y aprobar el proyecto en una sesi\u00f3n prevista para el jueves al mediod\u00eda, si consigue este mi\u00e9rcoles obtener un dictamen en el plenario de las comisiones.<\/p>\n<p>El oficialismo tiene n\u00famero suficiente en las comisiones para conseguir dictamen de mayor\u00eda, aunque deber\u00e1 trabajar para conseguir un d\u00eda despu\u00e9s el qu\u00f3rum para sesionar, en caso de que Juntos por el Cambio decida finalmente no facilitar esa herramienta.<\/p>\n<p>El interbloque de lavagnistas y peronistas cordobeses, clave con sus 11 integrantes para conseguir el qu\u00f3rum, buscaba definir su posici\u00f3n, aunque la idea mayoritaria es acompa\u00f1ar la iniciativa.<\/p>\n<p>El gremio de judiciales que dirige Julio Piumato planea un paro y una protesta frente al Palacio de Justicia en rechazo de la reforma, a partir del mediod\u00eda del jueves, cuando la C\u00e1mara de Diputados comience el tratamiento del proyecto de ley.<\/p>\n","protected":false},"excerpt":{"rendered":"<p>El proyecto comenzar\u00e1 a ser tratado en un plenario de comisiones. El presidente del Consejo de la Magistratura advirti\u00f3 que &#8220;entre 100 y 150 jueces renunciar\u00edan de aprobarse esta ley&#8221; &nbsp; &nbsp; El proyecto del Poder Ejecutivo que modifica el r\u00e9gimen especial jubilatorio y de pensiones de jueces y diplom\u00e1ticos comenzar\u00e1 a ser tratado este mi\u00e9rcoles en la C\u00e1mara de Diputados en un plenario de comisiones, mientras que el presidente del Consejo de la Magistratura, Alberto Lugones, advirti\u00f3 hoy que &#8220;entre 100 y 150 jueces renunciar\u00edan de aprobarse esta ley&#8221;&#8230;.<\/p>\n","protected":false},"author":3,"featured_media":58180,"comment_status":"closed","ping_status":"closed","sticky":false,"template":"","format":"standard","meta":[],"categories":[18],"tags":[],"_links":{"self":[{"href":"https:\/\/www.actualidadadiario.com\/index.php\/wp-json\/wp\/v2\/posts\/58179"}],"collection":[{"href":"https:\/\/www.actualidadadiario.com\/index.php\/wp-json\/wp\/v2\/posts"}],"about":[{"href":"https:\/\/www.actualidadadiario.com\/index.php\/wp-json\/wp\/v2\/types\/post"}],"author":[{"embeddable":true,"href":"https:\/\/www.actualidadadiario.com\/index.php\/wp-json\/wp\/v2\/users\/3"}],"replies":[{"embeddable":true,"href":"https:\/\/www.actualidadadiario.com\/index.php\/wp-json\/wp\/v2\/comments?post=58179"}],"version-history":[{"count":1,"href":"https:\/\/www.actualidadadiario.com\/index.php\/wp-json\/wp\/v2\/posts\/58179\/revisions"}],"predecessor-version":[{"id":58181,"href":"https:\/\/www.actualidadadiario.com\/index.php\/wp-json\/wp\/v2\/posts\/58179\/revisions\/58181"}],"wp:featuredmedia":[{"embeddable":true,"href":"https:\/\/www.actualidadadiario.com\/index.php\/wp-json\/wp\/v2\/media\/58180"}],"wp:attachment":[{"href":"https:\/\/www.actualidadadiario.com\/index.php\/wp-json\/wp\/v2\/media?parent=58179"}],"wp:term":[{"taxonomy":"category","embeddable":true,"href":"https:\/\/www.actualidadadiario.com\/index.php\/wp-json\/wp\/v2\/categories?post=58179"},{"taxonomy":"post_tag","embeddable":true,"href":"https:\/\/www.actualidadadiario.com\/index.php\/wp-json\/wp\/v2\/tags?post=58179"}],"curies":[{"name":"wp","href":"https:\/\/api.w.org\/{rel}","templated":true}]}}