{"id":58173,"date":"2020-02-26T12:21:17","date_gmt":"2020-02-26T15:21:17","guid":{"rendered":"https:\/\/www.actualidadadiario.com\/?p=58173"},"modified":"2020-02-26T12:21:17","modified_gmt":"2020-02-26T15:21:17","slug":"el-fiscal-delgado-no-me-parece-mal-que-haya-renuncias-en-el-poder-judicial","status":"publish","type":"post","link":"https:\/\/www.actualidadadiario.com\/index.php\/2020\/02\/26\/el-fiscal-delgado-no-me-parece-mal-que-haya-renuncias-en-el-poder-judicial\/","title":{"rendered":"El fiscal Delgado: \u201cNo me parece mal que haya renuncias\u201d en el Poder Judicial"},"content":{"rendered":"<p style=\"text-align: center;\"><em><strong>Consider\u00f3 que el debate sobre las jubilaciones de privilegio se tiene que dar en el Congreso y habl\u00f3 sobre una eventual dimisi\u00f3n de jueces ante la aprobaci\u00f3n del proyecto que impulsa el Ejecutivo<\/strong><\/em><\/p>\n<p>&nbsp;<\/p>\n<p>&nbsp;<\/p>\n<p>El fiscal federal Federico Delgado respald\u00f3 el debate sobre las jubilaciones de privilegio y asegur\u00f3 que \u201cno\u201d le parece mal que haya renuncias en el Poder Judicial, tal como lo advirti\u00f3 el presidente del Consejo de la Magistratura, Alberto Lugones, en el caso de que se apruebe el proyecto que impulsa el Poder Ejecutivo.<\/p>\n<p>En este sentido, consider\u00f3 que \u201clas renuncias ser\u00edan una oxigenaci\u00f3n que no le vendr\u00eda mal al Poder Judicial\u201d. \u201cSi se producen renuncias porque est\u00e1n en condiciones de jubilarse es parte del juego de la democracia&#8221;, se\u00f1al\u00f3.<\/p>\n<p>\u201cLas renuncias nos obligar\u00edan a reformar el Consejo de la Magistratura para agilizar los concursos. Si consultan a las bases hay algarab\u00eda, estar\u00edan contentas si hay posibilidad de concursar por los cargos&#8221;, agreg\u00f3 en declaraciones a radio El Destape.<\/p>\n<p>Delgado tambi\u00e9n indic\u00f3 que la diferencia entre las jubilaciones de jueces y fiscales con el resto &#8220;es una de las desigualdades que tiene la sociedad&#8221; y dijo que la discusi\u00f3n &#8220;hay que darla en el Parlamento&#8221;.<\/p>\n<p>&#8220;Hay una mirada de que el juez tiene que estar separado de la sociedad para poder impartir justicia, algo que est\u00e1 sospechado. La discusi\u00f3n sobre las jubilaciones hay que darla en el Parlamento y nos da pie para discutir una sociedad m\u00e1s equitativa&#8221;, manifest\u00f3 Delgado.<\/p>\n","protected":false},"excerpt":{"rendered":"<p>Consider\u00f3 que el debate sobre las jubilaciones de privilegio se tiene que dar en el Congreso y habl\u00f3 sobre una eventual dimisi\u00f3n de jueces ante la aprobaci\u00f3n del proyecto que impulsa el Ejecutivo &nbsp; &nbsp; El fiscal federal Federico Delgado respald\u00f3 el debate sobre las jubilaciones de privilegio y asegur\u00f3 que \u201cno\u201d le parece mal que haya renuncias en el Poder Judicial, tal como lo advirti\u00f3 el presidente del Consejo de la Magistratura, Alberto Lugones, en el caso de que se apruebe el proyecto que impulsa el Poder Ejecutivo. En&#8230;<\/p>\n","protected":false},"author":3,"featured_media":58174,"comment_status":"closed","ping_status":"closed","sticky":false,"template":"","format":"standard","meta":[],"categories":[18],"tags":[],"_links":{"self":[{"href":"https:\/\/www.actualidadadiario.com\/index.php\/wp-json\/wp\/v2\/posts\/58173"}],"collection":[{"href":"https:\/\/www.actualidadadiario.com\/index.php\/wp-json\/wp\/v2\/posts"}],"about":[{"href":"https:\/\/www.actualidadadiario.com\/index.php\/wp-json\/wp\/v2\/types\/post"}],"author":[{"embeddable":true,"href":"https:\/\/www.actualidadadiario.com\/index.php\/wp-json\/wp\/v2\/users\/3"}],"replies":[{"embeddable":true,"href":"https:\/\/www.actualidadadiario.com\/index.php\/wp-json\/wp\/v2\/comments?post=58173"}],"version-history":[{"count":1,"href":"https:\/\/www.actualidadadiario.com\/index.php\/wp-json\/wp\/v2\/posts\/58173\/revisions"}],"predecessor-version":[{"id":58175,"href":"https:\/\/www.actualidadadiario.com\/index.php\/wp-json\/wp\/v2\/posts\/58173\/revisions\/58175"}],"wp:featuredmedia":[{"embeddable":true,"href":"https:\/\/www.actualidadadiario.com\/index.php\/wp-json\/wp\/v2\/media\/58174"}],"wp:attachment":[{"href":"https:\/\/www.actualidadadiario.com\/index.php\/wp-json\/wp\/v2\/media?parent=58173"}],"wp:term":[{"taxonomy":"category","embeddable":true,"href":"https:\/\/www.actualidadadiario.com\/index.php\/wp-json\/wp\/v2\/categories?post=58173"},{"taxonomy":"post_tag","embeddable":true,"href":"https:\/\/www.actualidadadiario.com\/index.php\/wp-json\/wp\/v2\/tags?post=58173"}],"curies":[{"name":"wp","href":"https:\/\/api.w.org\/{rel}","templated":true}]}}