{"id":58170,"date":"2020-02-26T12:20:33","date_gmt":"2020-02-26T15:20:33","guid":{"rendered":"https:\/\/www.actualidadadiario.com\/?p=58170"},"modified":"2020-02-26T12:20:33","modified_gmt":"2020-02-26T15:20:33","slug":"alberto-se-reunira-con-organismos-de-ddhh","status":"publish","type":"post","link":"https:\/\/www.actualidadadiario.com\/index.php\/2020\/02\/26\/alberto-se-reunira-con-organismos-de-ddhh\/","title":{"rendered":"Alberto se reunir\u00e1 con organismos de DDHH"},"content":{"rendered":"<p style=\"text-align: center;\"><em><strong>El Presidente recibir\u00e1 esta semana a los entes de DDHH para clausurar la controversia desatada por su pedido de &#8220;dar vuelta la p\u00e1gina&#8221; en el distanciamiento entre la sociedad civil y las FFAA y el enojo de la titular de Madres L\u00ednea Fundadora. La convocatoria fue confirmada por esta \u00faltima, quien agreg\u00f3 que con el pedido de disculpas &#8220;ya est\u00e1 arreglado&#8221;<\/strong><\/em><\/p>\n<p>&nbsp;<\/p>\n<p>&nbsp;<\/p>\n<p>Tras la pol\u00e9mica suscitada en los \u00faltimos d\u00edas por la frase del presidente Alberto Fern\u00e1ndez acerca de &#8220;dar vuelta la p\u00e1gina&#8221; en el distanciamiento entre la sociedad civil y las Fuerzas Armadas y el enojo de la referente de Derechos Humanos Nora Corti\u00f1as, el Gobierno decidi\u00f3 clausurar el malentendido y se reunir\u00e1 esta semana con organismos de DDHH.<\/p>\n<p>La convocatoria fue confirmada por la propia presidenta de Madres de Plaza de Mayo L\u00ednea Fundadora, quien hab\u00eda calificado durante al jefe de Estado de &#8220;negacionista&#8221;, aunque, despu\u00e9s de la invitaci\u00f3n y la aclaraci\u00f3n del mandatario en redes sociales, se desdijo y aclar\u00f3 que con el pedido de disculpas &#8220;ya est\u00e1 arreglado&#8221;.<\/p>\n<p>&#8220;Esta semana tenemos una entrevista y vamos a charlar largo y tendido, seguramente&#8221;, sostuvo Corti\u00f1as en di\u00e1logo con FM Delta, que adem\u00e1s analiz\u00f3 que &#8220;quiz\u00e1s son apuros&#8221; los que llevaron al jefe de Estado a realizar las declaraciones durante un acto en el predio militar de Campo de Mayo que iniciaron la pol\u00e9mica.<\/p>\n<p>Corti\u00f1as explic\u00f3: &#8220;Ac\u00e1 nadie borra la historia, el horror que vivimos, que hay 500 o 600 j\u00f3venes que no conocen su verdadera identidad, es un camino doloroso que no podemos darlo por terminado, la b\u00fasqueda, la exigencia total de que no quede ning\u00fan genocida en la impunidad. Me doli\u00f3, nos doli\u00f3. Fue muy doloroso escuchar eso. Ac\u00e1 actuaron las Fuerzas Armadas y no se puede dar vuelta la p\u00e1gina f\u00e1cilmente ante el horror que vivimos&#8221;.<\/p>\n<p>No obstante, la referente de DDHH aclar\u00f3 que &#8220;no volver\u00eda a decirle negacionista&#8221; a Fern\u00e1ndez. Por eso, acept\u00f3 las disculpas del Presidente y complet\u00f3 en di\u00e1logo con radio La Red: \u201cDesde luego que quiz\u00e1s fue duro el t\u00e9rmino y no lo volver\u00eda a utilizar, estamos todos un poco sensibles\u201d.<\/p>\n<p>Tras las palabras de Fern\u00e1ndez y la embestida de Corti\u00f1as, Madres de Plaza de Mayo y Abuelas apoyaron al jefe de Estado. Hebe de Bonafini, por su parte, no s\u00f3lo asegur\u00f3 que entendi\u00f3 el sentido de su mensaje, sino que lo respald\u00f3 expl\u00edcitamente con un comunicado. \u201cLas Madres comprendemos lo que dijo el Presidente, y estamos de acuerdo con reconocer y reivindicar a esas nuevas Fuerzas Armadas, porque si no nunca las vamos a tener de nuestro lado, al lado del pueblo\u201d, sostuvieron.<\/p>\n<p>Estela de Carlotto\u200b, en tanto, respald\u00f3 al ex jefe de Gabinete y se despeg\u00f3 con elegancia de Corti\u00f1as, al se\u00f1alar que cree en &#8220;la franqueza y en las formas&#8221; del Presidente y que &#8220;lo que ha dicho fue para alentar a los j\u00f3venes militares que van a dar el cuerpo en otro pa\u00eds&#8221;.<\/p>\n<p>&#8220;No tendr\u00eda que haber pedido disculpas si lo dijo mirando a la cara de esos j\u00f3venes&#8221;, indic\u00f3 Carlotto, en una expresi\u00f3n contundente de apoyo al mandatario.<\/p>\n<p>En ese sentido, se diferenci\u00f3 de Corti\u00f1as pero con un mensaje comprensivo respecto de su opini\u00f3n: &#8220;Nosotros somos muy mayores, a veces hablamos de m\u00e1s. Ella es una mujer muy sufrida, una compa\u00f1era, ha perdido hijos. Los a\u00f1os y el dolor pudieron llevarla a equivocarse\u201d.<\/p>\n<p>\u201cEs un pensamiento \u00fanico de una persona, no de una instituci\u00f3n. Desde Abuelas somos muy cautelosas, siempre con el ejemplo de la paz y el entendimiento, sin el olvido y con la memoria y la necesidad de justicia\u201d, insisti\u00f3, aunque aclar\u00f3 que &#8220;dar vuelta la hoja no es olvidar\u201d.<\/p>\n","protected":false},"excerpt":{"rendered":"<p>El Presidente recibir\u00e1 esta semana a los entes de DDHH para clausurar la controversia desatada por su pedido de &#8220;dar vuelta la p\u00e1gina&#8221; en el distanciamiento entre la sociedad civil y las FFAA y el enojo de la titular de Madres L\u00ednea Fundadora. La convocatoria fue confirmada por esta \u00faltima, quien agreg\u00f3 que con el pedido de disculpas &#8220;ya est\u00e1 arreglado&#8221; &nbsp; &nbsp; Tras la pol\u00e9mica suscitada en los \u00faltimos d\u00edas por la frase del presidente Alberto Fern\u00e1ndez acerca de &#8220;dar vuelta la p\u00e1gina&#8221; en el distanciamiento entre la sociedad&#8230;<\/p>\n","protected":false},"author":3,"featured_media":58171,"comment_status":"closed","ping_status":"closed","sticky":false,"template":"","format":"standard","meta":[],"categories":[9],"tags":[],"_links":{"self":[{"href":"https:\/\/www.actualidadadiario.com\/index.php\/wp-json\/wp\/v2\/posts\/58170"}],"collection":[{"href":"https:\/\/www.actualidadadiario.com\/index.php\/wp-json\/wp\/v2\/posts"}],"about":[{"href":"https:\/\/www.actualidadadiario.com\/index.php\/wp-json\/wp\/v2\/types\/post"}],"author":[{"embeddable":true,"href":"https:\/\/www.actualidadadiario.com\/index.php\/wp-json\/wp\/v2\/users\/3"}],"replies":[{"embeddable":true,"href":"https:\/\/www.actualidadadiario.com\/index.php\/wp-json\/wp\/v2\/comments?post=58170"}],"version-history":[{"count":1,"href":"https:\/\/www.actualidadadiario.com\/index.php\/wp-json\/wp\/v2\/posts\/58170\/revisions"}],"predecessor-version":[{"id":58172,"href":"https:\/\/www.actualidadadiario.com\/index.php\/wp-json\/wp\/v2\/posts\/58170\/revisions\/58172"}],"wp:featuredmedia":[{"embeddable":true,"href":"https:\/\/www.actualidadadiario.com\/index.php\/wp-json\/wp\/v2\/media\/58171"}],"wp:attachment":[{"href":"https:\/\/www.actualidadadiario.com\/index.php\/wp-json\/wp\/v2\/media?parent=58170"}],"wp:term":[{"taxonomy":"category","embeddable":true,"href":"https:\/\/www.actualidadadiario.com\/index.php\/wp-json\/wp\/v2\/categories?post=58170"},{"taxonomy":"post_tag","embeddable":true,"href":"https:\/\/www.actualidadadiario.com\/index.php\/wp-json\/wp\/v2\/tags?post=58170"}],"curies":[{"name":"wp","href":"https:\/\/api.w.org\/{rel}","templated":true}]}}