{"id":58165,"date":"2020-02-26T12:19:03","date_gmt":"2020-02-26T15:19:03","guid":{"rendered":"https:\/\/www.actualidadadiario.com\/?p=58165"},"modified":"2020-02-26T12:19:03","modified_gmt":"2020-02-26T15:19:03","slug":"el-indec-vuelve-a-la-actividad-tras-el-feriado","status":"publish","type":"post","link":"https:\/\/www.actualidadadiario.com\/index.php\/2020\/02\/26\/el-indec-vuelve-a-la-actividad-tras-el-feriado\/","title":{"rendered":"El INDEC vuelve a la actividad tras el feriado"},"content":{"rendered":"<p style=\"text-align: center;\"><em><strong>El organismo estad\u00edstico realizar\u00e1 esta tarde las tres primeras publicaciones de la semana<\/strong><\/em><\/p>\n<p>&nbsp;<\/p>\n<p>El Instituto Nacional de Estad\u00edstica y Censos (INDEC) vuelve al ruedo tras el feriado de Carnaval con tres publicaciones sobre el desempe\u00f1o econ\u00f3mico de fines de 2019. El organismo difundir\u00e1 dos encuestas sobre diciembre del a\u00f1o pasado: la de centros de compras y la de supermercados y autoservicios mayoristas. Tambi\u00e9n divulgar\u00e1 la encuesta de comercios de electrodom\u00e9sticos y art\u00edculos para el hogar del cuarto trimestre.<\/p>\n<p>Como es habitual, el organismo dar\u00e1 a conocer los informes a las 16.00 en su sitio web. En su portal online, puede accederse a datos oficiales anteriores vinculados a los documentos que publicar\u00e1 hoy. Es all\u00ed donde puede observarse que las ventas totales a precios corrientes aumentaron 58,8% a nivel interanual en noviembre en los centros de compra. En el caso de los supermercados y mayoristas, la suba fue de 51,8%.<\/p>\n<p>En la p\u00e1gina del INDEC, tambi\u00e9n se informa sobre las ventas a precios corrientes durante el tercer trimestre de 2019. Seg\u00fan public\u00f3 la entidad, las transacciones totalizaron $30.173,5 millones, cifra que representa un incremento de 15% con respecto al trimestre anterior. Adem\u00e1s, se observ\u00f3 una variaci\u00f3n porcentual positiva de 39,8% a nivel interanual.<\/p>\n<p>&nbsp;<\/p>\n<p><strong>Luto en el INDEC<\/strong><\/p>\n<p>Al ingresar al sitio web del instituto, se observa un lazo negro sobre el logo de la entidad. Este s\u00edmbolo de luto fue colocado en el portal tras el fallecimiento del exdirector Jorge Todesca. La instituci\u00f3n tambi\u00e9n emiti\u00f3 un comunicado para recordar al antecesor de Marco Lavagna. El organismo destac\u00f3 que su labor \u201crestableci\u00f3 las bases para el desarrollo de las estad\u00edsticas oficiales de la Rep\u00fablica Argentina\u201d.<\/p>\n<p>El economista muri\u00f3 el viernes pasado a los 73 a\u00f1os. Estuvo al frente del INDEC entre fines de 2015 y 2019. En su paso por el sector p\u00fablico, se desempe\u00f1\u00f3 como secretario de Comercio Interior (1989), vicepresidente del Banco Provincia (1999-2001) y viceministro de Econom\u00eda (2002). En el \u00e1mbito privado, fund\u00f3 y presidi\u00f3 la consultora econ\u00f3mico-financiera Finsoport.<\/p>\n","protected":false},"excerpt":{"rendered":"<p>El organismo estad\u00edstico realizar\u00e1 esta tarde las tres primeras publicaciones de la semana &nbsp; El Instituto Nacional de Estad\u00edstica y Censos (INDEC) vuelve al ruedo tras el feriado de Carnaval con tres publicaciones sobre el desempe\u00f1o econ\u00f3mico de fines de 2019. El organismo difundir\u00e1 dos encuestas sobre diciembre del a\u00f1o pasado: la de centros de compras y la de supermercados y autoservicios mayoristas. Tambi\u00e9n divulgar\u00e1 la encuesta de comercios de electrodom\u00e9sticos y art\u00edculos para el hogar del cuarto trimestre. Como es habitual, el organismo dar\u00e1 a conocer los informes a&#8230;<\/p>\n","protected":false},"author":3,"featured_media":58082,"comment_status":"closed","ping_status":"closed","sticky":false,"template":"","format":"standard","meta":[],"categories":[2],"tags":[],"_links":{"self":[{"href":"https:\/\/www.actualidadadiario.com\/index.php\/wp-json\/wp\/v2\/posts\/58165"}],"collection":[{"href":"https:\/\/www.actualidadadiario.com\/index.php\/wp-json\/wp\/v2\/posts"}],"about":[{"href":"https:\/\/www.actualidadadiario.com\/index.php\/wp-json\/wp\/v2\/types\/post"}],"author":[{"embeddable":true,"href":"https:\/\/www.actualidadadiario.com\/index.php\/wp-json\/wp\/v2\/users\/3"}],"replies":[{"embeddable":true,"href":"https:\/\/www.actualidadadiario.com\/index.php\/wp-json\/wp\/v2\/comments?post=58165"}],"version-history":[{"count":1,"href":"https:\/\/www.actualidadadiario.com\/index.php\/wp-json\/wp\/v2\/posts\/58165\/revisions"}],"predecessor-version":[{"id":58166,"href":"https:\/\/www.actualidadadiario.com\/index.php\/wp-json\/wp\/v2\/posts\/58165\/revisions\/58166"}],"wp:featuredmedia":[{"embeddable":true,"href":"https:\/\/www.actualidadadiario.com\/index.php\/wp-json\/wp\/v2\/media\/58082"}],"wp:attachment":[{"href":"https:\/\/www.actualidadadiario.com\/index.php\/wp-json\/wp\/v2\/media?parent=58165"}],"wp:term":[{"taxonomy":"category","embeddable":true,"href":"https:\/\/www.actualidadadiario.com\/index.php\/wp-json\/wp\/v2\/categories?post=58165"},{"taxonomy":"post_tag","embeddable":true,"href":"https:\/\/www.actualidadadiario.com\/index.php\/wp-json\/wp\/v2\/tags?post=58165"}],"curies":[{"name":"wp","href":"https:\/\/api.w.org\/{rel}","templated":true}]}}