{"id":58162,"date":"2020-02-26T12:18:25","date_gmt":"2020-02-26T15:18:25","guid":{"rendered":"https:\/\/www.actualidadadiario.com\/?p=58162"},"modified":"2020-02-26T12:18:25","modified_gmt":"2020-02-26T15:18:25","slug":"lanzan-el-concurso-potenciar-que-repartira-maquinas-y-herramientas","status":"publish","type":"post","link":"https:\/\/www.actualidadadiario.com\/index.php\/2020\/02\/26\/lanzan-el-concurso-potenciar-que-repartira-maquinas-y-herramientas\/","title":{"rendered":"Lanzan el concurso Potenciar, que repartir\u00e1 m\u00e1quinas y herramientas"},"content":{"rendered":"<p style=\"text-align: center;\"><em><strong>Son kits destinados a trabajadores con experiencia en oficios, pero que se encuentran sin empleo<\/strong><\/em><\/p>\n<p>&nbsp;<\/p>\n<p>&nbsp;<\/p>\n<p>El Ministerio de Desarrollo Social, a cargo de Daniel Arroyo, presentar\u00e1 este mi\u00e9rcoles el concurso nacional Potenciar, a trav\u00e9s del que se entregar\u00e1n kits de m\u00e1quinas y herramientas a trabajadores con experiencia en oficios, pero que se encuentran sin empleo.<\/p>\n<p>En conferencia de prensa, la presentaci\u00f3n de las bases y condiciones del programa estar\u00e1 a cargo del ministro Arroyo desde las 12, en la sede del Espacio Memoria y Derechos Humanos, ubicado avenida del Libertador 8151 (Ex ESMA).<\/p>\n<p>Desde el Ministerio de Desarrollo Social informaron, a trav\u00e9s de un comunicado, que &#8220;se premiar\u00e1 a los mejores proyectos individuales o colectivos destinados a producir o desarrollar servicios&#8221;.<\/p>\n<p>El Programa Potenciar &#8220;est\u00e1 destinado a los trabajadores mayores de 40 a\u00f1os con experiencia en los rubros de construcci\u00f3n, carpinter\u00eda, herrer\u00eda, gomer\u00eda, gastronom\u00eda, jardiner\u00eda y textil&#8221;.<\/p>\n","protected":false},"excerpt":{"rendered":"<p>Son kits destinados a trabajadores con experiencia en oficios, pero que se encuentran sin empleo &nbsp; &nbsp; El Ministerio de Desarrollo Social, a cargo de Daniel Arroyo, presentar\u00e1 este mi\u00e9rcoles el concurso nacional Potenciar, a trav\u00e9s del que se entregar\u00e1n kits de m\u00e1quinas y herramientas a trabajadores con experiencia en oficios, pero que se encuentran sin empleo. En conferencia de prensa, la presentaci\u00f3n de las bases y condiciones del programa estar\u00e1 a cargo del ministro Arroyo desde las 12, en la sede del Espacio Memoria y Derechos Humanos, ubicado avenida&#8230;<\/p>\n","protected":false},"author":3,"featured_media":58163,"comment_status":"closed","ping_status":"closed","sticky":false,"template":"","format":"standard","meta":[],"categories":[2],"tags":[],"_links":{"self":[{"href":"https:\/\/www.actualidadadiario.com\/index.php\/wp-json\/wp\/v2\/posts\/58162"}],"collection":[{"href":"https:\/\/www.actualidadadiario.com\/index.php\/wp-json\/wp\/v2\/posts"}],"about":[{"href":"https:\/\/www.actualidadadiario.com\/index.php\/wp-json\/wp\/v2\/types\/post"}],"author":[{"embeddable":true,"href":"https:\/\/www.actualidadadiario.com\/index.php\/wp-json\/wp\/v2\/users\/3"}],"replies":[{"embeddable":true,"href":"https:\/\/www.actualidadadiario.com\/index.php\/wp-json\/wp\/v2\/comments?post=58162"}],"version-history":[{"count":1,"href":"https:\/\/www.actualidadadiario.com\/index.php\/wp-json\/wp\/v2\/posts\/58162\/revisions"}],"predecessor-version":[{"id":58164,"href":"https:\/\/www.actualidadadiario.com\/index.php\/wp-json\/wp\/v2\/posts\/58162\/revisions\/58164"}],"wp:featuredmedia":[{"embeddable":true,"href":"https:\/\/www.actualidadadiario.com\/index.php\/wp-json\/wp\/v2\/media\/58163"}],"wp:attachment":[{"href":"https:\/\/www.actualidadadiario.com\/index.php\/wp-json\/wp\/v2\/media?parent=58162"}],"wp:term":[{"taxonomy":"category","embeddable":true,"href":"https:\/\/www.actualidadadiario.com\/index.php\/wp-json\/wp\/v2\/categories?post=58162"},{"taxonomy":"post_tag","embeddable":true,"href":"https:\/\/www.actualidadadiario.com\/index.php\/wp-json\/wp\/v2\/tags?post=58162"}],"curies":[{"name":"wp","href":"https:\/\/api.w.org\/{rel}","templated":true}]}}