{"id":58159,"date":"2020-02-26T12:17:41","date_gmt":"2020-02-26T15:17:41","guid":{"rendered":"https:\/\/www.actualidadadiario.com\/?p=58159"},"modified":"2020-02-26T12:17:41","modified_gmt":"2020-02-26T15:17:41","slug":"trece-mandatarios-abren-sesiones-con-eje-en-crisis-y-contencion-social","status":"publish","type":"post","link":"https:\/\/www.actualidadadiario.com\/index.php\/2020\/02\/26\/trece-mandatarios-abren-sesiones-con-eje-en-crisis-y-contencion-social\/","title":{"rendered":"Trece mandatarios abren sesiones, con eje en crisis y contenci\u00f3n social"},"content":{"rendered":"<p style=\"text-align: center;\"><em><strong>Doce gobernadores y el jefe de Gobierno porte\u00f1o dar\u00e1n sus discursos ante legislaturas locales. Con referencias nacionales, habr\u00e1 repasos de gesti\u00f3n, anuncios de obras y diagn\u00f3sticos de la econom\u00eda<\/strong><\/em><\/p>\n<p>&nbsp;<\/p>\n<p>&nbsp;<\/p>\n<p>Entre el domingo y el lunes, doce provincias y la Ciudad de Buenos Aires abrir\u00e1n el periodo de sesiones ordinarias de sus respectivas legislaturas con actos encabezados por los mandatarios, en sinton\u00eda con el mensaje que dar\u00e1 el presidente Alberto Fern\u00e1ndez en el Congreso Nacional el 1 de marzo. El eje de los gobernadores ser\u00e1, esta vez, la reactivaci\u00f3n econ\u00f3mica y los programas de contenci\u00f3n social.<\/p>\n<p>Cuatro distritos decidieron que la apertura de sus legislaturas se realice el lunes 2 de marzo: CABA, de Horacio Rodr\u00edguez Larreta; Chubut, de Mariano Arcioni; Buenos Aires, donde Axel Kicillof dar\u00e1 su primer discurso ante los legisladores locales, al igual que Arabela Carreras en R\u00edo Negro. Estos dos \u00faltimos mandatarios no son los \u00fanicos debutantes en estas lides. Har\u00e1n lo propio un d\u00eda antes Gustavo Melella (Tierra del Fuego), Ricardo Quintela (La Rioja) y Sergio Ziliotto (La Pampa). En tanto, Jorge Capitanich retornar\u00e1 tambi\u00e9n el domingo a esos menesteres tras cuatro a\u00f1os fuera de la gobernaci\u00f3n de Chaco. Tambi\u00e9n el domingo hablar\u00e1n ante los legisladores provinciales los peronistas Juan Manzur (Tucum\u00e1n), Alicia Kirchner (Santa Cruz), el radical Gustavo Vald\u00e9s (Corrientes) y Omar Guti\u00e9rrez (Neuqu\u00e9n), del partido provincial MPN. El m\u00e1s veterano en estas cuestiones es el formose\u00f1o Gildo Insfr\u00e1n, quien gobierna la provincia desde diciembre de 1995 y tambi\u00e9n abrir\u00e1 sesiones este domingo.<\/p>\n<p>Entre los puntos que estar\u00e1n presentes en los mensajes emerge la crisis econ\u00f3mica y las iniciativas provinciales para amortiguar el impacto social.<\/p>\n<p>Vale recordar que dos provincias ya levantaron el tel\u00f3n legislativo durante este mes: C\u00f3rdoba y Entre R\u00edos est\u00e1n adelantados en el calendario y los gobernadores peronistas Juan Schiaretti y Gustavo Bordet, respectivamente, se expresaron ante los congresos locales.<\/p>\n<p>&nbsp;<\/p>\n<p><strong>Lunes<\/strong><\/p>\n<p>Adem\u00e1s de referencias a paliativos anticrisis, habr\u00e1 repasos de gesti\u00f3n, ya sea de los gobernadores que vienen de a\u00f1os al frente del Ejecutivo como de mandatarios que han asumido hace casi tres meses, como es el caso de Kicillof. El bonaerense se referir\u00e1 a la \u201cpesada herencia\u201d que recibi\u00f3 de Mar\u00eda Eugenia Vidal como lo ha hecho en sus \u00faltimas declaraciones y se enfocar\u00e1 en programas de asistencias a Pymes, as\u00ed como un ambicioso plan para reparar escuelas.<\/p>\n<p>Tambi\u00e9n Mariano Arcioni (Chubut Somos Todos) abrir\u00e1 sesiones el lunes en medio de una feroz crisis pol\u00edtica en el oficialismo. Tambi\u00e9n Rodr\u00edguez Larreta, el \u00fanico mandatario del PRO en funciones, se presentar\u00e1 el 2 de marzo. El porte\u00f1o resaltar\u00e1 la gesti\u00f3n a trav\u00e9s de la ejecuci\u00f3n de intervenciones urbanas basadas en la \u201ccercan\u00eda al vecino\u201d.<\/p>\n<p>Arabela Carreras ser\u00e1 la primera mujer en presidir la apertura de sesiones en R\u00edo Negro y apuntar\u00e1 a un discurso de continuidad con su antecesor Alberto Weretilneck, fundador adem\u00e1s del sello Juntos Somos R\u00edo Negro que la llev\u00f3 al poder. De acuerdo a declaraciones de la mandataria al diario R\u00edo Negro, mostrar\u00e1 ejes de gesti\u00f3n para este a\u00f1o \u201ctransversales\u201d, que atraviesen distintas \u00e1reas de gobierno.<\/p>\n<p>&nbsp;<\/p>\n<p><strong>Domingueros<\/strong><\/p>\n<p>Entre los madrugadores del domingo aparece el chaque\u00f1o Capitanich, quien tambi\u00e9n tiene un ojo en la renovaci\u00f3n de autoridades en el PJ nacional. Su discurso en la legislatura provincial est\u00e1 pautado para las 9, adem\u00e1s de un paquete de medidas destinado a desarrollo productivo, en su mensaje aparecer\u00e1 \u201cla descentralizaci\u00f3n del Estado y reforma constitucional, con una fuerte impronta en la federalizaci\u00f3n y con perspectiva de derechos\u201d, como mencionaron sus colaboradores.<\/p>\n<p>Juan Manzur tambi\u00e9n llevar\u00e1 su mensaje a los legisladores tucumanos este domingo, con comienzo pautado para las 9.30. Desde las cercan\u00edas del gobernador advirtieron que estaban trabajando en el texto final. Adem\u00e1s de la situaci\u00f3n financiera de la provincia, habr\u00e1 referencias nacionales, de cr\u00edticas a la gesti\u00f3n de Cambiemos, en especial por el nivel de endeudamiento con poca asistencia a la provincia. En tono optimista, mostrar\u00e1 sinton\u00eda con Alberto Fern\u00e1ndez y las acciones conjuntas, como la implementaci\u00f3n de la Tarjeta Alimentar. Asimismo, se espera que haya anuncios de obras nacionales en Tucum\u00e1n, en un listado que se cerrar\u00e1 ma\u00f1ana cuando el ministro de Obras P\u00fablicas de la Naci\u00f3n, Gabriel Katopodis, visite el distrito.<\/p>\n<p>El fueguino Gustavo Melella (Forja, sello aliado al Frente de Todos), por su parte, har\u00e1 su primera inauguraci\u00f3n de a\u00f1o legislativo tras haber asumido en diciembre. El mandatario mostrar\u00e1 el &#8220;estado en que encontr\u00f3 la provincia, con un endeudamiento de u$s200 millones&#8221;, dijeron desde Tierra del Fuego. Tambi\u00e9n presentar\u00e1 &#8220;acciones para recuperar el empleo privado; plan de mejora salarial despu\u00e9s de m\u00e1s de tres a\u00f1os de congelamiento; una moratoria para deudores de servicios; cr\u00e9ditos personales del banco de la provincia para limpiar las deudas de los empleados p\u00fablicos; proyectos de inversi\u00f3n en hidrocarburos; ampliaci\u00f3n del puerto de Ushuaia; extensi\u00f3n del subr\u00e9gimen industrial; y reforma jubilatoria judicial&#8221;, aclararon desde el gobierno.<\/p>\n<p>El neuquino Omar Guti\u00e9rrez, en tanto, presentar\u00e1 a los diputados provinciales unos 20 proyectos de ley. El distrito tuvo un 2019 ajeno a la crisis nacional, en base principalmente al desarrollo de Vaca Muerta, y el gobernador apuntar\u00e1 en esa direcci\u00f3n. Tambi\u00e9n mostrar\u00e1 iniciativas para reactivar sectores primarios que est\u00e1n ajenos a la industria del gas y el petr\u00f3leo, de acuerdo a adelantos del medio local La Ma\u00f1ana de Neuqu\u00e9n.<\/p>\n<p>Alicia Kirchner, en tanto, dejar\u00e1 de lado los discursos confrontativos de los \u00faltimos cuatro a\u00f1os contra el Gobierno nacional. Afuera Mauricio Macri de la Casa Rosada, la gobernadora santacruce\u00f1a pondr\u00e1 el foco en el equilibrio que alcanzaron las cuentas provinciales durante su mandato y en la reactivaci\u00f3n de obras que quedaron en stand by producto de la crisis del pa\u00eds.<\/p>\n<p>El debutante pampeano Ziliotto (PJ) anunciar\u00e1 un plan de acceso a viviendas y har\u00e1 hincapi\u00e9 en el recupero de recursos que Naci\u00f3n adeudaba a la provincia. En el discurso de Insfr\u00e1n, en tanto, no se esperan anuncios de peso, aunque podr\u00eda dar a conocer obras a realizarse en Formosa. Tampoco se descartan anuncios salariales ese d\u00eda, aunque ya fuera del recinto.<\/p>\n<p>El riojano Quintela (PJ) dar\u00e1 su primer discurso el domingo a la tarde con una fuerte impronta social. Har\u00e1 un repaso de medidas de contenci\u00f3n, como las que se dio a conocer ayer respecto a los subsidios de tarifas energ\u00e9ticas a beneficiarios de AUH y jubilaciones m\u00ednimas.<\/p>\n<p>El \u00fanico radical del lote 1-2 de marzo es el correntino Vald\u00e9s, que har\u00e1 su discurso el domingo por la ma\u00f1ana, centrado en desarrollo y modernizaci\u00f3n del Estado.<\/p>\n","protected":false},"excerpt":{"rendered":"<p>Doce gobernadores y el jefe de Gobierno porte\u00f1o dar\u00e1n sus discursos ante legislaturas locales. Con referencias nacionales, habr\u00e1 repasos de gesti\u00f3n, anuncios de obras y diagn\u00f3sticos de la econom\u00eda &nbsp; &nbsp; Entre el domingo y el lunes, doce provincias y la Ciudad de Buenos Aires abrir\u00e1n el periodo de sesiones ordinarias de sus respectivas legislaturas con actos encabezados por los mandatarios, en sinton\u00eda con el mensaje que dar\u00e1 el presidente Alberto Fern\u00e1ndez en el Congreso Nacional el 1 de marzo. El eje de los gobernadores ser\u00e1, esta vez, la reactivaci\u00f3n&#8230;<\/p>\n","protected":false},"author":3,"featured_media":58160,"comment_status":"closed","ping_status":"closed","sticky":false,"template":"","format":"standard","meta":[],"categories":[2],"tags":[],"_links":{"self":[{"href":"https:\/\/www.actualidadadiario.com\/index.php\/wp-json\/wp\/v2\/posts\/58159"}],"collection":[{"href":"https:\/\/www.actualidadadiario.com\/index.php\/wp-json\/wp\/v2\/posts"}],"about":[{"href":"https:\/\/www.actualidadadiario.com\/index.php\/wp-json\/wp\/v2\/types\/post"}],"author":[{"embeddable":true,"href":"https:\/\/www.actualidadadiario.com\/index.php\/wp-json\/wp\/v2\/users\/3"}],"replies":[{"embeddable":true,"href":"https:\/\/www.actualidadadiario.com\/index.php\/wp-json\/wp\/v2\/comments?post=58159"}],"version-history":[{"count":1,"href":"https:\/\/www.actualidadadiario.com\/index.php\/wp-json\/wp\/v2\/posts\/58159\/revisions"}],"predecessor-version":[{"id":58161,"href":"https:\/\/www.actualidadadiario.com\/index.php\/wp-json\/wp\/v2\/posts\/58159\/revisions\/58161"}],"wp:featuredmedia":[{"embeddable":true,"href":"https:\/\/www.actualidadadiario.com\/index.php\/wp-json\/wp\/v2\/media\/58160"}],"wp:attachment":[{"href":"https:\/\/www.actualidadadiario.com\/index.php\/wp-json\/wp\/v2\/media?parent=58159"}],"wp:term":[{"taxonomy":"category","embeddable":true,"href":"https:\/\/www.actualidadadiario.com\/index.php\/wp-json\/wp\/v2\/categories?post=58159"},{"taxonomy":"post_tag","embeddable":true,"href":"https:\/\/www.actualidadadiario.com\/index.php\/wp-json\/wp\/v2\/tags?post=58159"}],"curies":[{"name":"wp","href":"https:\/\/api.w.org\/{rel}","templated":true}]}}