{"id":58153,"date":"2020-02-26T12:16:06","date_gmt":"2020-02-26T15:16:06","guid":{"rendered":"https:\/\/www.actualidadadiario.com\/?p=58153"},"modified":"2020-02-26T12:16:06","modified_gmt":"2020-02-26T15:16:06","slug":"ingresan-usd31-m-para-parques-eolicos","status":"publish","type":"post","link":"https:\/\/www.actualidadadiario.com\/index.php\/2020\/02\/26\/ingresan-usd31-m-para-parques-eolicos\/","title":{"rendered":"Ingresan USD31 M para parques e\u00f3licos"},"content":{"rendered":"<p style=\"text-align: center;\"><em><strong>El Banco de Desarrollo Alem\u00e1n KfW concret\u00f3 el desembolso de USD31 millones de un pr\u00e9stamo corporativo otorgado a la empresa de energ\u00edas renovables Genneia para el financiamiento de la construcci\u00f3n de sus proyectos e\u00f3licos Pomona II y Chubut Norte II<\/strong><\/em><\/p>\n<p>&nbsp;<\/p>\n<p>As\u00ed lo anunci\u00f3 la compa\u00f1\u00eda de energ\u00edas renovables, que se\u00f1al\u00f3 que el pr\u00e9stamo del KFW, con garant\u00eda de la agencia alemana Euler Hermes, es el \u00faltimo cr\u00e9dito del exterior destrabado por la empresa luego de los inconvenientes causados por los controles cambiarios de septiembre.<\/p>\n<p>Hasta el momento, la empresa firm\u00f3 cr\u00e9ditos con entidades de desarrollo del exterior por unos USD465 millones.<\/p>\n<p>Genneia ya hab\u00eda recibido pr\u00e9stamos del banco de desarrollo alem\u00e1n para el financiamiento de sus proyectos Pomona I y Chubut Norte III y IV, los que cuentan con garant\u00edas del programa RenovAr.<\/p>\n<p>A ra\u00edz de las restricciones cambiarias del BCRA, en septiembre Genneia hab\u00eda anunciado la paralizaci\u00f3n de las obras de cuatro parques e\u00f3licos en construcci\u00f3n por la imposibilidad de ingresar los pr\u00e9stamos en d\u00f3lares.<\/p>\n","protected":false},"excerpt":{"rendered":"<p>El Banco de Desarrollo Alem\u00e1n KfW concret\u00f3 el desembolso de USD31 millones de un pr\u00e9stamo corporativo otorgado a la empresa de energ\u00edas renovables Genneia para el financiamiento de la construcci\u00f3n de sus proyectos e\u00f3licos Pomona II y Chubut Norte II &nbsp; As\u00ed lo anunci\u00f3 la compa\u00f1\u00eda de energ\u00edas renovables, que se\u00f1al\u00f3 que el pr\u00e9stamo del KFW, con garant\u00eda de la agencia alemana Euler Hermes, es el \u00faltimo cr\u00e9dito del exterior destrabado por la empresa luego de los inconvenientes causados por los controles cambiarios de septiembre. Hasta el momento, la empresa&#8230;<\/p>\n","protected":false},"author":3,"featured_media":58154,"comment_status":"closed","ping_status":"closed","sticky":false,"template":"","format":"standard","meta":[],"categories":[2],"tags":[],"_links":{"self":[{"href":"https:\/\/www.actualidadadiario.com\/index.php\/wp-json\/wp\/v2\/posts\/58153"}],"collection":[{"href":"https:\/\/www.actualidadadiario.com\/index.php\/wp-json\/wp\/v2\/posts"}],"about":[{"href":"https:\/\/www.actualidadadiario.com\/index.php\/wp-json\/wp\/v2\/types\/post"}],"author":[{"embeddable":true,"href":"https:\/\/www.actualidadadiario.com\/index.php\/wp-json\/wp\/v2\/users\/3"}],"replies":[{"embeddable":true,"href":"https:\/\/www.actualidadadiario.com\/index.php\/wp-json\/wp\/v2\/comments?post=58153"}],"version-history":[{"count":1,"href":"https:\/\/www.actualidadadiario.com\/index.php\/wp-json\/wp\/v2\/posts\/58153\/revisions"}],"predecessor-version":[{"id":58155,"href":"https:\/\/www.actualidadadiario.com\/index.php\/wp-json\/wp\/v2\/posts\/58153\/revisions\/58155"}],"wp:featuredmedia":[{"embeddable":true,"href":"https:\/\/www.actualidadadiario.com\/index.php\/wp-json\/wp\/v2\/media\/58154"}],"wp:attachment":[{"href":"https:\/\/www.actualidadadiario.com\/index.php\/wp-json\/wp\/v2\/media?parent=58153"}],"wp:term":[{"taxonomy":"category","embeddable":true,"href":"https:\/\/www.actualidadadiario.com\/index.php\/wp-json\/wp\/v2\/categories?post=58153"},{"taxonomy":"post_tag","embeddable":true,"href":"https:\/\/www.actualidadadiario.com\/index.php\/wp-json\/wp\/v2\/tags?post=58153"}],"curies":[{"name":"wp","href":"https:\/\/api.w.org\/{rel}","templated":true}]}}