{"id":58147,"date":"2020-02-26T12:14:50","date_gmt":"2020-02-26T15:14:50","guid":{"rendered":"https:\/\/www.actualidadadiario.com\/?p=58147"},"modified":"2020-02-26T12:14:50","modified_gmt":"2020-02-26T15:14:50","slug":"el-gobierno-pesifica-las-tarifas-que-paga-por-la-energia-y-ahorra-us-318-millones","status":"publish","type":"post","link":"https:\/\/www.actualidadadiario.com\/index.php\/2020\/02\/26\/el-gobierno-pesifica-las-tarifas-que-paga-por-la-energia-y-ahorra-us-318-millones\/","title":{"rendered":"El Gobierno pesifica las tarifas que paga por la energ\u00eda y ahorra u$s 318 millones"},"content":{"rendered":"<p style=\"text-align: center;\"><em><strong>El Gobierno decidi\u00f3 avanzar en un esquema de desdolarizaci\u00f3n de las tarifas de los servicios p\u00fablicos antes del descongelamiento que anunci\u00f3 para mediados de a\u00f1o y que es uno de los requisitos que el Fondo Monetario Internacional puso para la renegociaci\u00f3n de la deuda. El Ministerio de Desarrollo Productivo, de donde depende la Secretar\u00eda de Energ\u00eda, dej\u00f3 trascender que aplicar\u00e1 una pesificaci\u00f3n de un tramo del costo de la energ\u00eda, lo que redundar\u00e1 en un ahorro para el Estado estimado en USD300 millones<\/strong><\/em><\/p>\n<p>&nbsp;<\/p>\n<p>Fuentes del Gobierno confirmaron que &#8220;el Ministerio de Desarrollo Productivo dispondr\u00e1 mediante una resoluci\u00f3n la reducci\u00f3n de la remuneraci\u00f3n que perciben las generadoras de energ\u00eda &#8220;spot&#8221; y su pesificaci\u00f3n&#8221;. &#8220;La medida ser\u00e1 anunciada esta misma semana&#8221;, confiaron desde la cartera productiva.<\/p>\n<p>A la medida sobre la energ\u00eda &#8220;spot&#8221;, que alcanza a la generaci\u00f3n vieja comprendida en la Resoluci\u00f3n 1 del 2019 que recibe una remuneraci\u00f3n definida por la autoridad de aplicaci\u00f3n, se suma la pesificaci\u00f3n de lo que reconoce por la generaci\u00f3n de las centrales hidroel\u00e9ctricas binacionales.<\/p>\n<p>La medida ser\u00e1 de aplicaciones para las transacciones a partir de 1\u00b0 febrero de 2020, y seg\u00fan estimaciones oficiales la decisi\u00f3n tendr\u00e1 un impacto superior a los USD300 millones anuales en los ingresos de las empresas. El segmento de la generaci\u00f3n de energ\u00eda tiene un impacto del orden del 50% en la factura de electricidad, en tanto que la transmisi\u00f3n y la distribuci\u00f3n del sistema se reparten el restante 50% de las facturas.<\/p>\n<p>La resoluci\u00f3n que ser\u00e1 publicada en los pr\u00f3ximos d\u00edas en el Bolet\u00edn Oficial dispondr\u00e1 la &#8220;reducci\u00f3n de la remuneraci\u00f3n que perciben las generadoras de energ\u00eda &#8220;spot&#8221; y su pesificaci\u00f3n&#8221;, y alcanzar\u00e1 a las represas y a grandes generadoras que cuentan en su parque con varios equipos denominados &#8220;viejos&#8221; y de menor eficiencia.<\/p>\n<p>El segmento spot se refiere al mercado de precios horarios en los que se comercializa la energ\u00eda no sujeta a contratos de abastecimiento con la Compa\u00f1\u00eda Administradora del Mercado Mayorista El\u00e9ctrico (Cammesa), cuyo precio de la energ\u00eda el\u00e9ctrica se define en funci\u00f3n del costo marginal.<\/p>\n<p>La medida no alcanzar\u00e1 a las inversiones que se vienen registrando, al menos, en la \u00faltima d\u00e9cada que modernizaron el parque de generaci\u00f3n el\u00e9ctrica, que son equipos mucho m\u00e1s eficientes y vitales para cubrir los picos de demanda o la entrada r\u00e1pida al sistema en caso de imprevistos en la red.<\/p>\n<p>Adicionalmente, la normativa determinar\u00e1 &#8220;la pesificaci\u00f3n de las remuneraciones por generaci\u00f3n de energ\u00eda de las centrales hidroel\u00e9ctricas binacionales&#8221;, es decir la represa de Yacyret\u00e1 que se administra con Paraguay; y la de Salto Grande con Uruguay.<\/p>\n<p>Se estima que &#8220;el costo de energ\u00eda el\u00e9ctrica caer\u00e1 aproximadamente de USD69 a USD60\/USD62 por Mw\/h y redundar\u00e1 en una baja importante de generaci\u00f3n&#8221;, y dispondr\u00e1 un gasto para el Estado de USD1.026 millones, es decir una reducci\u00f3n de USD318 millones, casi el 24% en promedio.<\/p>\n","protected":false},"excerpt":{"rendered":"<p>El Gobierno decidi\u00f3 avanzar en un esquema de desdolarizaci\u00f3n de las tarifas de los servicios p\u00fablicos antes del descongelamiento que anunci\u00f3 para mediados de a\u00f1o y que es uno de los requisitos que el Fondo Monetario Internacional puso para la renegociaci\u00f3n de la deuda. El Ministerio de Desarrollo Productivo, de donde depende la Secretar\u00eda de Energ\u00eda, dej\u00f3 trascender que aplicar\u00e1 una pesificaci\u00f3n de un tramo del costo de la energ\u00eda, lo que redundar\u00e1 en un ahorro para el Estado estimado en USD300 millones &nbsp; Fuentes del Gobierno confirmaron que &#8220;el&#8230;<\/p>\n","protected":false},"author":3,"featured_media":58148,"comment_status":"closed","ping_status":"closed","sticky":false,"template":"","format":"standard","meta":[],"categories":[9],"tags":[],"_links":{"self":[{"href":"https:\/\/www.actualidadadiario.com\/index.php\/wp-json\/wp\/v2\/posts\/58147"}],"collection":[{"href":"https:\/\/www.actualidadadiario.com\/index.php\/wp-json\/wp\/v2\/posts"}],"about":[{"href":"https:\/\/www.actualidadadiario.com\/index.php\/wp-json\/wp\/v2\/types\/post"}],"author":[{"embeddable":true,"href":"https:\/\/www.actualidadadiario.com\/index.php\/wp-json\/wp\/v2\/users\/3"}],"replies":[{"embeddable":true,"href":"https:\/\/www.actualidadadiario.com\/index.php\/wp-json\/wp\/v2\/comments?post=58147"}],"version-history":[{"count":1,"href":"https:\/\/www.actualidadadiario.com\/index.php\/wp-json\/wp\/v2\/posts\/58147\/revisions"}],"predecessor-version":[{"id":58149,"href":"https:\/\/www.actualidadadiario.com\/index.php\/wp-json\/wp\/v2\/posts\/58147\/revisions\/58149"}],"wp:featuredmedia":[{"embeddable":true,"href":"https:\/\/www.actualidadadiario.com\/index.php\/wp-json\/wp\/v2\/media\/58148"}],"wp:attachment":[{"href":"https:\/\/www.actualidadadiario.com\/index.php\/wp-json\/wp\/v2\/media?parent=58147"}],"wp:term":[{"taxonomy":"category","embeddable":true,"href":"https:\/\/www.actualidadadiario.com\/index.php\/wp-json\/wp\/v2\/categories?post=58147"},{"taxonomy":"post_tag","embeddable":true,"href":"https:\/\/www.actualidadadiario.com\/index.php\/wp-json\/wp\/v2\/tags?post=58147"}],"curies":[{"name":"wp","href":"https:\/\/api.w.org\/{rel}","templated":true}]}}