{"id":58145,"date":"2020-02-26T12:14:06","date_gmt":"2020-02-26T15:14:06","guid":{"rendered":"https:\/\/www.actualidadadiario.com\/?p=58145"},"modified":"2020-02-26T12:14:06","modified_gmt":"2020-02-26T15:14:06","slug":"el-ministro-de-la-produccion-recibira-a-la-mesa-de-enlace","status":"publish","type":"post","link":"https:\/\/www.actualidadadiario.com\/index.php\/2020\/02\/26\/el-ministro-de-la-produccion-recibira-a-la-mesa-de-enlace\/","title":{"rendered":"El ministro de la Producci\u00f3n recibir\u00e1 a la Mesa de Enlace"},"content":{"rendered":"<p style=\"text-align: center;\"><em><strong>El ministro de Producci\u00f3n, Juan Jos\u00e9 Bahillo, se reunir\u00e1 este mi\u00e9rcoles con los dirigentes de la Mesa de Enlace de Entre R\u00edos para avanzar en la agenda productiva provincial. La reuni\u00f3n ser\u00e1 en Casa de Gobierno<\/strong><\/em><\/p>\n<p>&nbsp;<\/p>\n<p>En el encuentro que tambi\u00e9n participar\u00e1 el ministro de Econom\u00eda, Hugo Ballay, y equipos t\u00e9cnicos de los ministerios de Econom\u00eda y Producci\u00f3n, se analizar\u00e1n el Impuesto Inmobiliario Rural para el a\u00f1o 2020.<\/p>\n<p>En relaci\u00f3n al gravamen, el ministro hab\u00eda anticipado que la definici\u00f3n del monto a\u00fan es motivo de estudio por los expertos que siguen el comportamiento productivo y ambiental de las zonas agroecol\u00f3gicas de Entre R\u00edos y que las conclusiones ser\u00edan puestas sobre la mesa de di\u00e1logo entre el gobierno y las entidades rurales de Entre R\u00edos.<\/p>\n","protected":false},"excerpt":{"rendered":"<p>El ministro de Producci\u00f3n, Juan Jos\u00e9 Bahillo, se reunir\u00e1 este mi\u00e9rcoles con los dirigentes de la Mesa de Enlace de Entre R\u00edos para avanzar en la agenda productiva provincial. La reuni\u00f3n ser\u00e1 en Casa de Gobierno &nbsp; En el encuentro que tambi\u00e9n participar\u00e1 el ministro de Econom\u00eda, Hugo Ballay, y equipos t\u00e9cnicos de los ministerios de Econom\u00eda y Producci\u00f3n, se analizar\u00e1n el Impuesto Inmobiliario Rural para el a\u00f1o 2020. En relaci\u00f3n al gravamen, el ministro hab\u00eda anticipado que la definici\u00f3n del monto a\u00fan es motivo de estudio por los expertos&#8230;<\/p>\n","protected":false},"author":3,"featured_media":20947,"comment_status":"closed","ping_status":"closed","sticky":false,"template":"","format":"standard","meta":[],"categories":[15],"tags":[],"_links":{"self":[{"href":"https:\/\/www.actualidadadiario.com\/index.php\/wp-json\/wp\/v2\/posts\/58145"}],"collection":[{"href":"https:\/\/www.actualidadadiario.com\/index.php\/wp-json\/wp\/v2\/posts"}],"about":[{"href":"https:\/\/www.actualidadadiario.com\/index.php\/wp-json\/wp\/v2\/types\/post"}],"author":[{"embeddable":true,"href":"https:\/\/www.actualidadadiario.com\/index.php\/wp-json\/wp\/v2\/users\/3"}],"replies":[{"embeddable":true,"href":"https:\/\/www.actualidadadiario.com\/index.php\/wp-json\/wp\/v2\/comments?post=58145"}],"version-history":[{"count":1,"href":"https:\/\/www.actualidadadiario.com\/index.php\/wp-json\/wp\/v2\/posts\/58145\/revisions"}],"predecessor-version":[{"id":58146,"href":"https:\/\/www.actualidadadiario.com\/index.php\/wp-json\/wp\/v2\/posts\/58145\/revisions\/58146"}],"wp:featuredmedia":[{"embeddable":true,"href":"https:\/\/www.actualidadadiario.com\/index.php\/wp-json\/wp\/v2\/media\/20947"}],"wp:attachment":[{"href":"https:\/\/www.actualidadadiario.com\/index.php\/wp-json\/wp\/v2\/media?parent=58145"}],"wp:term":[{"taxonomy":"category","embeddable":true,"href":"https:\/\/www.actualidadadiario.com\/index.php\/wp-json\/wp\/v2\/categories?post=58145"},{"taxonomy":"post_tag","embeddable":true,"href":"https:\/\/www.actualidadadiario.com\/index.php\/wp-json\/wp\/v2\/tags?post=58145"}],"curies":[{"name":"wp","href":"https:\/\/api.w.org\/{rel}","templated":true}]}}