{"id":58142,"date":"2020-02-26T12:13:26","date_gmt":"2020-02-26T15:13:26","guid":{"rendered":"https:\/\/www.actualidadadiario.com\/?p=58142"},"modified":"2020-02-26T12:13:26","modified_gmt":"2020-02-26T15:13:26","slug":"bordet-estamos-dispuestos-a-seguir-invirtiendo-en-nuestros-docentes-todas-las-veces-que-sea-necesario","status":"publish","type":"post","link":"https:\/\/www.actualidadadiario.com\/index.php\/2020\/02\/26\/bordet-estamos-dispuestos-a-seguir-invirtiendo-en-nuestros-docentes-todas-las-veces-que-sea-necesario\/","title":{"rendered":"Bordet: \u201cEstamos dispuestos a seguir invirtiendo en nuestros docentes todas las veces que sea necesario\u201d"},"content":{"rendered":"<p style=\"text-align: center;\"><em><strong>El gobernador Gustavo Bordet presidi\u00f3 este mi\u00e9rcoles el acto de inauguraci\u00f3n de las III Jornadas Regionales de Educaci\u00f3n que se realizan en el Centro Provincial de Convenciones. Dijo que el objetivo de la gesti\u00f3n es la \u201ccalidad educativa\u201d y habl\u00f3 de la educaci\u00f3n como \u201cuna inversi\u00f3n\u201d. En ese punto anticip\u00f3 que habr\u00e1 nuevos aumentos para los docentes<\/strong><\/em><\/p>\n<p>&nbsp;<\/p>\n<p>&nbsp;<\/p>\n<p>El gobernador destac\u00f3 el espacio que brindan las Jornadas para \u201cpensar y aportar a la calidad educativa que es uno de los objetivo de la gesti\u00f3n hace ya cuatro a\u00f1os\u201d.<\/p>\n<p>Tuvo cr\u00edticas para las pol\u00edticas implementadas durante el gobierno de Macri que generaron \u201cdesintegraci\u00f3n en la familia, situaciones de pobreza\u201d, que \u201cse trasuntan tambi\u00e9n cuando los hijos van a la escuela y los docentes tienen que suplir las carencias\u201d.<\/p>\n<p>Entendi\u00f3 que hay \u201cun amplio abanico\u201d que problem\u00e1ticas a abordar, entre las que se encuentra \u201cla integraci\u00f3n de nuestros chicos con discapacidad para que puedan ser tratados en condiciones iguales dentro de los establecimientos escolares\u201d. Y en ese sentido destac\u00f3 la capacitaci\u00f3n y el \u201ccompromiso de los docentes en temas tan sensibles que nos atraviesan socialmente\u201d.<\/p>\n<p>Sobre la situaci\u00f3n actual de la educaci\u00f3n, mencion\u00f3 que \u201cdificulta enormemente la brecha econ\u00f3mica que hoy existe con la aplicaci\u00f3n de modelos que han propendido a la acumulaci\u00f3n de riqueza en los sectores altos de la sociedad y que ha hecho que exista una desigualdad en el sistema educativo que a mi entender es un solo\u201d.<\/p>\n<p>\u201cNosotros, como Estado, tenemos la obligaci\u00f3n de garantizar la educaci\u00f3n p\u00fablica y de ir eliminando la brecha que se da entre un chico que va a la escuela p\u00fablica y un chico que va a la escuela privada\u201d, agreg\u00f3.<\/p>\n<p>A pocos d\u00edas del inicio del ciclo lectivo Bordet hizo hincapi\u00e9 en los salarios. \u201cEntre R\u00edos hoy se presenta como una de las provincias que ha tenido el m\u00e1s alto reconocimiento a sus docentes en materia salarial del 57,6% y entendemos que ha sido un esfuerzo muy grande que realiz\u00f3 la provincia porque no son tiempos f\u00e1ciles\u201d.<\/p>\n<p>Tras ello, aclar\u00f3: \u201cEntendemos tambi\u00e9n que la educaci\u00f3n es una inversi\u00f3n y estamos dispuestos a seguir invirtiendo en nuestros docentes todas las veces que sea necesario porque si no, no podemos hablar de calidad educativa cuando no cumplimos con los compromisos m\u00ednimos que exigen salarialmente nuestros docentes\u201d.<\/p>\n","protected":false},"excerpt":{"rendered":"<p>El gobernador Gustavo Bordet presidi\u00f3 este mi\u00e9rcoles el acto de inauguraci\u00f3n de las III Jornadas Regionales de Educaci\u00f3n que se realizan en el Centro Provincial de Convenciones. Dijo que el objetivo de la gesti\u00f3n es la \u201ccalidad educativa\u201d y habl\u00f3 de la educaci\u00f3n como \u201cuna inversi\u00f3n\u201d. En ese punto anticip\u00f3 que habr\u00e1 nuevos aumentos para los docentes &nbsp; &nbsp; El gobernador destac\u00f3 el espacio que brindan las Jornadas para \u201cpensar y aportar a la calidad educativa que es uno de los objetivo de la gesti\u00f3n hace ya cuatro a\u00f1os\u201d. Tuvo&#8230;<\/p>\n","protected":false},"author":3,"featured_media":58143,"comment_status":"closed","ping_status":"closed","sticky":false,"template":"","format":"standard","meta":[],"categories":[15],"tags":[],"_links":{"self":[{"href":"https:\/\/www.actualidadadiario.com\/index.php\/wp-json\/wp\/v2\/posts\/58142"}],"collection":[{"href":"https:\/\/www.actualidadadiario.com\/index.php\/wp-json\/wp\/v2\/posts"}],"about":[{"href":"https:\/\/www.actualidadadiario.com\/index.php\/wp-json\/wp\/v2\/types\/post"}],"author":[{"embeddable":true,"href":"https:\/\/www.actualidadadiario.com\/index.php\/wp-json\/wp\/v2\/users\/3"}],"replies":[{"embeddable":true,"href":"https:\/\/www.actualidadadiario.com\/index.php\/wp-json\/wp\/v2\/comments?post=58142"}],"version-history":[{"count":1,"href":"https:\/\/www.actualidadadiario.com\/index.php\/wp-json\/wp\/v2\/posts\/58142\/revisions"}],"predecessor-version":[{"id":58144,"href":"https:\/\/www.actualidadadiario.com\/index.php\/wp-json\/wp\/v2\/posts\/58142\/revisions\/58144"}],"wp:featuredmedia":[{"embeddable":true,"href":"https:\/\/www.actualidadadiario.com\/index.php\/wp-json\/wp\/v2\/media\/58143"}],"wp:attachment":[{"href":"https:\/\/www.actualidadadiario.com\/index.php\/wp-json\/wp\/v2\/media?parent=58142"}],"wp:term":[{"taxonomy":"category","embeddable":true,"href":"https:\/\/www.actualidadadiario.com\/index.php\/wp-json\/wp\/v2\/categories?post=58142"},{"taxonomy":"post_tag","embeddable":true,"href":"https:\/\/www.actualidadadiario.com\/index.php\/wp-json\/wp\/v2\/tags?post=58142"}],"curies":[{"name":"wp","href":"https:\/\/api.w.org\/{rel}","templated":true}]}}