{"id":58139,"date":"2020-02-26T12:12:42","date_gmt":"2020-02-26T15:12:42","guid":{"rendered":"https:\/\/www.actualidadadiario.com\/?p=58139"},"modified":"2020-02-26T12:12:42","modified_gmt":"2020-02-26T15:12:42","slug":"no-hay-actividad-prevista-en-la-camara-de-diputados","status":"publish","type":"post","link":"https:\/\/www.actualidadadiario.com\/index.php\/2020\/02\/26\/no-hay-actividad-prevista-en-la-camara-de-diputados\/","title":{"rendered":"No hay actividad prevista en la C\u00e1mara de Diputados"},"content":{"rendered":"<p style=\"text-align: center;\"><em><strong>La C\u00e1mara de Diputados de la provincia no tiene agendadas sesiones plenarias ni tampoco reuniones de comisi\u00f3n para los pr\u00f3ximos d\u00edas. Desde la renovaci\u00f3n de su integraci\u00f3n, s\u00f3lo se concretaron dos encuentros: uno en diciembre y otro en febrero<\/strong><\/em><\/p>\n<p>&nbsp;<\/p>\n<p>&nbsp;<\/p>\n<p>Diputados no tiene previsto concretar sesiones plenarias ni tampoco reuniones de comisi\u00f3n en los pr\u00f3ximos d\u00edas. En la oficina de prensa de la C\u00e1mara informaron a esta Agencia que el cronograma se notifica a trav\u00e9s del calendario del sitio web, que figura sin actividades en lo que queda de febrero y el mes de marzo.<\/p>\n<p>Los diputados y diputadas que comenzaron su actividad en diciembre pasado, luego del recambio de autoridades producto de las elecciones provinciales de junio de 2019, s\u00f3lo se reunieron en el recinto dos veces.<\/p>\n<p>La primera vez fue el 18 de diciembre del a\u00f1o pasado, cuando a pedido del Poder Ejecutivo se vot\u00f3 la suspensi\u00f3n del \u201cConsenso Fiscal\u201d. La segunda fue la sesi\u00f3n preparatoria del a\u00f1o legislativo el 15 de febrero por la ma\u00f1ana, horas antes de que el gobernador Gustavo Bordet abriera el 141\u00ba per\u00edodo legislativo, a fin de confirmar las autoridades de la C\u00e1mara.<\/p>\n<p>Las sesiones ordinarias de Diputados hab\u00edan sido prorrogadas el 3 de diciembre del a\u00f1o pasado hasta el 14 de febrero de 2020, pero en ese lapso la C\u00e1mara s\u00f3lo se reuni\u00f3 en plenario una vez, el 18 de diciembre.<\/p>\n","protected":false},"excerpt":{"rendered":"<p>La C\u00e1mara de Diputados de la provincia no tiene agendadas sesiones plenarias ni tampoco reuniones de comisi\u00f3n para los pr\u00f3ximos d\u00edas. Desde la renovaci\u00f3n de su integraci\u00f3n, s\u00f3lo se concretaron dos encuentros: uno en diciembre y otro en febrero &nbsp; &nbsp; Diputados no tiene previsto concretar sesiones plenarias ni tampoco reuniones de comisi\u00f3n en los pr\u00f3ximos d\u00edas. En la oficina de prensa de la C\u00e1mara informaron a esta Agencia que el cronograma se notifica a trav\u00e9s del calendario del sitio web, que figura sin actividades en lo que queda de&#8230;<\/p>\n","protected":false},"author":3,"featured_media":58140,"comment_status":"closed","ping_status":"closed","sticky":false,"template":"","format":"standard","meta":[],"categories":[15],"tags":[],"_links":{"self":[{"href":"https:\/\/www.actualidadadiario.com\/index.php\/wp-json\/wp\/v2\/posts\/58139"}],"collection":[{"href":"https:\/\/www.actualidadadiario.com\/index.php\/wp-json\/wp\/v2\/posts"}],"about":[{"href":"https:\/\/www.actualidadadiario.com\/index.php\/wp-json\/wp\/v2\/types\/post"}],"author":[{"embeddable":true,"href":"https:\/\/www.actualidadadiario.com\/index.php\/wp-json\/wp\/v2\/users\/3"}],"replies":[{"embeddable":true,"href":"https:\/\/www.actualidadadiario.com\/index.php\/wp-json\/wp\/v2\/comments?post=58139"}],"version-history":[{"count":1,"href":"https:\/\/www.actualidadadiario.com\/index.php\/wp-json\/wp\/v2\/posts\/58139\/revisions"}],"predecessor-version":[{"id":58141,"href":"https:\/\/www.actualidadadiario.com\/index.php\/wp-json\/wp\/v2\/posts\/58139\/revisions\/58141"}],"wp:featuredmedia":[{"embeddable":true,"href":"https:\/\/www.actualidadadiario.com\/index.php\/wp-json\/wp\/v2\/media\/58140"}],"wp:attachment":[{"href":"https:\/\/www.actualidadadiario.com\/index.php\/wp-json\/wp\/v2\/media?parent=58139"}],"wp:term":[{"taxonomy":"category","embeddable":true,"href":"https:\/\/www.actualidadadiario.com\/index.php\/wp-json\/wp\/v2\/categories?post=58139"},{"taxonomy":"post_tag","embeddable":true,"href":"https:\/\/www.actualidadadiario.com\/index.php\/wp-json\/wp\/v2\/tags?post=58139"}],"curies":[{"name":"wp","href":"https:\/\/api.w.org\/{rel}","templated":true}]}}