{"id":58136,"date":"2020-02-26T12:12:02","date_gmt":"2020-02-26T15:12:02","guid":{"rendered":"https:\/\/www.actualidadadiario.com\/?p=58136"},"modified":"2020-02-26T12:12:02","modified_gmt":"2020-02-26T15:12:02","slug":"el-gobierno-provincial-continua-relevando-organizaciones-que-trabajan-en-la-tematica-de-genero","status":"publish","type":"post","link":"https:\/\/www.actualidadadiario.com\/index.php\/2020\/02\/26\/el-gobierno-provincial-continua-relevando-organizaciones-que-trabajan-en-la-tematica-de-genero\/","title":{"rendered":"El gobierno provincial contin\u00faa relevando organizaciones que trabajan en la tem\u00e1tica de g\u00e9nero"},"content":{"rendered":"<p style=\"text-align: center;\"><em><strong>El Ministerio de Desarrollo Social, a trav\u00e9s de la Secretar\u00eda de Mujeres, G\u00e9nero y Diversidad, realiz\u00f3 una convocatoria a entidades de la sociedad civil abocadas a la tem\u00e1tica de g\u00e9nero. Buscan relevar las tareas que desarrollan, la localidad, la forma de contacto y si poseen personer\u00eda jur\u00eddica<\/strong><\/em><\/p>\n<p>&nbsp;<\/p>\n<p>&nbsp;<\/p>\n<p>La titular de la Secretar\u00eda de Mujeres, G\u00e9nero y Diversidad, Mariana Broggi, habl\u00f3 sobre los objetivos del registro de organizaciones, asegurando que esta informaci\u00f3n ser\u00e1 de vital importancia para mantenerse en contacto y articular acciones conjuntas. Apuntan relevar las tareas que desarrollan, la localidad, la forma de contacto y si est\u00e1n constituidas legalmente con personer\u00eda jur\u00eddica vigente.<\/p>\n<p>La funcionaria explic\u00f3 que en ese marco se est\u00e1 tomando contacto con muchas de estas entidades con el objetivo de confeccionar el registro. \u201cQueremos saber qui\u00e9nes son, c\u00f3mo est\u00e1n compuestas y qu\u00e9 tem\u00e1ticas abordan, adem\u00e1s de las de g\u00e9nero\u201d, expres\u00f3.<\/p>\n<p>\u201cEsto nos va a permitir el desarrollo de proyectos y propuestas para el fortalecimiento institucional, m\u00e1s all\u00e1 que en el contacto con las organizaciones surgen muchas otras cuestiones\u201d, remarc\u00f3. Asegur\u00f3 que esperan contar con datos e informaci\u00f3n de entidades en todo el territorio provincial, por lo cual han involucrado a las \u00e1reas Mujer que funcionan en municipios.<\/p>\n<p>La secretaria de Mujeres, G\u00e9nero y Diversidad se\u00f1al\u00f3 adem\u00e1s: \u201cAl pensar en el registro intentamos tener en cuenta la territorialidad. Esto es importante porque muchas de las acciones e instancias de articulaci\u00f3n que llevamos adelante tienen un plus cuando las trabajamos con las organizaciones\u201d.<\/p>\n<p>\u201cAs\u00ed como tenemos la convicci\u00f3n de que el trabajo debe ser articulado entre las distintas \u00e1reas de gobierno y con los diferentes estamentos del Estado, trasladamos esa metodolog\u00eda con las organizaciones de la sociedad civil. En cualquier lugar donde planificamos acciones y tenemos que definir pol\u00edticas p\u00fablicas escuchamos y somos muy respetuosos de la tarea que se est\u00e1 realizando\u201d, subray\u00f3.<\/p>\n<p>Por otra parte, Broggi explic\u00f3 que en base a los datos del Registro \u00danico de Casos de Violencia en Entre R\u00edos, que funciona en la \u00f3rbita del Poder Judicial provincial, se establecen los tipos y modalidades de violencias denunciadas. \u201cNosotros nos nutrimos tambi\u00e9n de esa informaci\u00f3n y vemos que el primer contacto siempre es con la gente que est\u00e1 en el barrio. Por eso nos parece fundamental este registro para articular con ellos y con las \u00e1reas Mujer en los municipios para as\u00ed poder pensar juntos\u201d, manifest\u00f3.<\/p>\n<p>\u201cM\u00e1s all\u00e1 de nuestras ideas, es importante escuchar a estas organizaciones de la sociedad civil y organismos de gobierno para tener en cuenta las demandas\u201d, expres\u00f3 la funcionaria.<\/p>\n<p>El registro est\u00e1 orientado a organizaciones que realizan diferentes actividades en torno a la tem\u00e1tica de g\u00e9nero.<\/p>\n<p>&nbsp;<\/p>\n<p><strong>Informes<\/strong><\/p>\n<p>Secretar\u00eda de Mujeres, G\u00e9nero y Diversidad<\/p>\n<p>Direcci\u00f3n: Andr\u00e9s Pazos 342 &#8211; Paran\u00e1<\/p>\n<p>Correo electr\u00f3nico: secmujeresregistro@gmail.com<\/p>\n","protected":false},"excerpt":{"rendered":"<p>El Ministerio de Desarrollo Social, a trav\u00e9s de la Secretar\u00eda de Mujeres, G\u00e9nero y Diversidad, realiz\u00f3 una convocatoria a entidades de la sociedad civil abocadas a la tem\u00e1tica de g\u00e9nero. Buscan relevar las tareas que desarrollan, la localidad, la forma de contacto y si poseen personer\u00eda jur\u00eddica &nbsp; &nbsp; La titular de la Secretar\u00eda de Mujeres, G\u00e9nero y Diversidad, Mariana Broggi, habl\u00f3 sobre los objetivos del registro de organizaciones, asegurando que esta informaci\u00f3n ser\u00e1 de vital importancia para mantenerse en contacto y articular acciones conjuntas. Apuntan relevar las tareas que&#8230;<\/p>\n","protected":false},"author":3,"featured_media":58137,"comment_status":"closed","ping_status":"closed","sticky":false,"template":"","format":"standard","meta":[],"categories":[15],"tags":[],"_links":{"self":[{"href":"https:\/\/www.actualidadadiario.com\/index.php\/wp-json\/wp\/v2\/posts\/58136"}],"collection":[{"href":"https:\/\/www.actualidadadiario.com\/index.php\/wp-json\/wp\/v2\/posts"}],"about":[{"href":"https:\/\/www.actualidadadiario.com\/index.php\/wp-json\/wp\/v2\/types\/post"}],"author":[{"embeddable":true,"href":"https:\/\/www.actualidadadiario.com\/index.php\/wp-json\/wp\/v2\/users\/3"}],"replies":[{"embeddable":true,"href":"https:\/\/www.actualidadadiario.com\/index.php\/wp-json\/wp\/v2\/comments?post=58136"}],"version-history":[{"count":1,"href":"https:\/\/www.actualidadadiario.com\/index.php\/wp-json\/wp\/v2\/posts\/58136\/revisions"}],"predecessor-version":[{"id":58138,"href":"https:\/\/www.actualidadadiario.com\/index.php\/wp-json\/wp\/v2\/posts\/58136\/revisions\/58138"}],"wp:featuredmedia":[{"embeddable":true,"href":"https:\/\/www.actualidadadiario.com\/index.php\/wp-json\/wp\/v2\/media\/58137"}],"wp:attachment":[{"href":"https:\/\/www.actualidadadiario.com\/index.php\/wp-json\/wp\/v2\/media?parent=58136"}],"wp:term":[{"taxonomy":"category","embeddable":true,"href":"https:\/\/www.actualidadadiario.com\/index.php\/wp-json\/wp\/v2\/categories?post=58136"},{"taxonomy":"post_tag","embeddable":true,"href":"https:\/\/www.actualidadadiario.com\/index.php\/wp-json\/wp\/v2\/tags?post=58136"}],"curies":[{"name":"wp","href":"https:\/\/api.w.org\/{rel}","templated":true}]}}