{"id":58131,"date":"2020-02-26T12:10:39","date_gmt":"2020-02-26T15:10:39","guid":{"rendered":"https:\/\/www.actualidadadiario.com\/?p=58131"},"modified":"2020-02-26T12:10:39","modified_gmt":"2020-02-26T15:10:39","slug":"el-gobierno-gestiona-nuevos-acuerdos-con-arsat-para-completar-el-tendido-de-fibra-optica-y-de-tda","status":"publish","type":"post","link":"https:\/\/www.actualidadadiario.com\/index.php\/2020\/02\/26\/el-gobierno-gestiona-nuevos-acuerdos-con-arsat-para-completar-el-tendido-de-fibra-optica-y-de-tda\/","title":{"rendered":"El gobierno gestiona nuevos acuerdos con Arsat para completar el tendido de fibra \u00f3ptica y de TDA"},"content":{"rendered":"<p style=\"text-align: center;\"><em><strong>Tras un primer encuentro con las nuevas autoridades nacionales, el gobierno provincial se reuni\u00f3 especialmente con directivos de Arsat para comenzar a revisar los acuerdos firmados con el fin de completar la Red Federal de Fibra \u00d3ptica y relanzar la Televisi\u00f3n Digital Abierta en Entre R\u00edos<\/strong><\/em><\/p>\n<p>&nbsp;<\/p>\n<p>&nbsp;<\/p>\n<p>El gobierno se reuni\u00f3 con directivos de la Empresa Nacional de Soluciones Satelitales (Arsat) en la sede de esa firma, con el objeto de articular acciones que mejoren las condiciones de acceso al servicio de telecomunicaciones en Entre R\u00edos. El encuentro se realiz\u00f3 con la presencia de la secretaria de Modernizaci\u00f3n de la provincia, Lucrecia Escand\u00f3n; el presidente de Enersa, Jorge Gonz\u00e1lez; el presidente del directorio y gerente general de Arsat, Pablo Tognetti; y el gerente de Operaciones Terrestres, Marcelo Tesoro. Tambi\u00e9n estuvieron presentes el director de Telecomunicaciones de la provincia, Leandro Reyes, y el subgerente de Ingenier\u00eda y Despliegue de Arsat, Jos\u00e9 Duarte.<\/p>\n<p>Escand\u00f3n coment\u00f3 que el principal punto en com\u00fan que se logr\u00f3 en el encuentro fue \u201cevaluar los acuerdos ya firmados entre las partes con el fin de relanzar la Televisi\u00f3n Digital Abierta (TDA) y completar la instalaci\u00f3n de infraestructura pendiente en Entre R\u00edos, y en relaci\u00f3n con la Red Federal de Fibra \u00d3ptica (Refefo) generar estrategias conjuntas para complementar las redes de fibra \u00f3ptica nacional y provincial\u201d.<\/p>\n<p>&nbsp;<\/p>\n<p><strong>Fibra \u00f3ptica<\/strong><\/p>\n<p>Actualmente, en el marco del Plan Federal de Internet a trav\u00e9s del cual se construye la Refefo, en Entre R\u00edos hay previstas 132 localidades para alcanzar con la conectividad a un mill\u00f3n de habitantes. De ese total hay 114 localidades conectadas y el resto pr\u00f3ximas a conectarse a los servicios de Arsat.<\/p>\n<p>\u201cJunto al Estado nacional compartimos la visi\u00f3n de que la soberan\u00eda tecnol\u00f3gica y la conectividad son necesarias para el desarrollo social, productivo y econ\u00f3mico de nuestra provincia. A partir de un trabajo conjunto con Enersa, valorando su enorme capacidad de penetraci\u00f3n territorial, calidad de servicio e infraestructura y con el acompa\u00f1amiento de Arsat, contamos con las condiciones necesarias para llevar adelante un Plan de Telecomunicaciones provincial que priorice la inclusi\u00f3n social, los servicios gubernamentales, la salud, la producci\u00f3n y el turismo\u201d, expres\u00f3 Escand\u00f3n.<\/p>\n<p>Por su parte, Pablo Tognetti afirm\u00f3: \u201cNuestro rol es ofrecer el servicio mayorista de internet. Para ello primero articulamos con las empresas provinciales de telecomunicaciones (de haberlas) y luego con las empresas, pymes y cooperativas que son las que van a conectar la \u00faltima milla, el \u00faltimo paso para que toda esta inversi\u00f3n llegue a los usuarios\u201d.<\/p>\n<p>En ese sentido, Leandro Reyes indic\u00f3: \u201cEn Entre R\u00edos la Refefo presenta una gran capilaridad, el desaf\u00edo es ampliar la \u00faltima milla para llegar a los hogares entrerrianos desde los diferentes nodos o puntos de acceso\u201d. Para ello, Escand\u00f3n se\u00f1al\u00f3 que se \u201cva a articular con las empresas y cooperativas de telecomunicaciones entrerrianas para que sea posible conectar aquellas zonas que est\u00e1n m\u00e1s aisladas o cuentan con una conexi\u00f3n de baja calidad\u201d.<\/p>\n<p>Es importante remarcar que el gobierno de Entre R\u00edos comenz\u00f3 a brindar servicios de telecomunicaciones a trav\u00e9s de una primera prueba piloto que ya se encuentra en funcionamiento en la localidad de San Jos\u00e9 de Feliciano. Al respecto, Jorge Gonz\u00e1lez asegur\u00f3 que &#8220;con Enersa se est\u00e1 brindando conectividad e internet a reparticiones provinciales, municipales y espacios p\u00fablicos en Feliciano\u201d. Y agreg\u00f3 que \u201cen total se tiene 326 kil\u00f3metros de red de fibra \u00f3ptica distribuidos en tramos de Paran\u00e1, Concepci\u00f3n del Uruguay, Concordia, Federal, Villa Elisa, Col\u00f3n, Feliciano y San Jos\u00e9, y se acaba de licitar 280 kil\u00f3metros para sumar a esta red\u201d.<\/p>\n<p>Por ello, Escand\u00f3n agreg\u00f3 que dentro del tendido que falta construir se encuentran algunos tramos de la ruta nacional N\u00b0 14. \u201cAlgunos tramos de la ruta 14 quedaron por fuera del tendido de la Refefo en su momento y para nosotros es un desaf\u00edo incluirla, porque es una v\u00eda fundamental para nuestro sistema productivo y tur\u00edstico. En ello tambi\u00e9n vamos a trabajar durante la pr\u00f3xima etapa que estamos planificando\u201d.<\/p>\n<p>Asimismo, el gobierno se manifest\u00f3 respecto a la cesi\u00f3n por parte de Arsat o uso compartido de fibra \u00f3ptica con el gobierno provincial en los organismos gubernamentales de todo el territorio entrerriano que incluye la Refefo, estipulado por la normativa, y que no lleg\u00f3 a concretarse. A lo que las autoridades de Arsat respondieron con el compromiso de revisar la infraestructura disponible y resolver de forma conjunta la situaci\u00f3n, elaborando, en primera instancia, un nuevo convenio.<\/p>\n<p>&nbsp;<\/p>\n<p><strong>TDA<\/strong><\/p>\n<p>En lo que refiere a la Televisi\u00f3n Digital Abierta, en el caso de Entre R\u00edos qued\u00f3 pendiente la instalaci\u00f3n de la antena en Concepci\u00f3n del Uruguay. De acuerdo con Escand\u00f3n, \u201cen 2013 el municipio autoriz\u00f3 la instalaci\u00f3n de la plataforma de TDA mediante la Ordenanza N\u00b0 9272 y se dispuso un terreno para la antena, pero el gobierno nacional fren\u00f3 el programa de TDA en 2016 y lo que estaba previsto no se llev\u00f3 a cabo\u201d. Actualmente, en la provincia las ciudades que cuentan con TDA son Paran\u00e1, Concordia, Gualeguaych\u00fa y Victoria.<\/p>\n<p>En esa direcci\u00f3n, Escand\u00f3n resalt\u00f3 como resultado del encuentro que se iniciar\u00e1 \u201cla planificaci\u00f3n de un proyecto en conjunto con participaci\u00f3n del Gobierno, Enersa y Arsat para determinar los costos y acciones a seguir para la instalaci\u00f3n de la TDA en Concepci\u00f3n del Uruguay\u201d.<\/p>\n<p>Reyes agreg\u00f3 que en dicha ciudad la Universidad Nacional de Entre R\u00edos (UNER) est\u00e1 esperando la instalaci\u00f3n de la antena de TDA para comenzar a transmitir desde su canal universitario. En ese contexto, otra cuesti\u00f3n que se abord\u00f3 en el encuentro fue la distribuci\u00f3n de se\u00f1ales locales a trav\u00e9s de la plataforma de TDA. Sobre ello Tognetti expres\u00f3 que \u201ccon la TDA se busca mayor inserci\u00f3n de canales locales, a veces hay disponibilidad de transmisores y otras hay que agregar, por lo que cada caso es distinto y hoy hay que realizar una evaluaci\u00f3n previa que nos permita continuar\u201d.<\/p>\n<p>Finalmente, cabe se\u00f1alar que Arsat provee la posibilidad de acceder a la televisi\u00f3n digital abierta a trav\u00e9s de antenas satelitales en aquellas zonas de dif\u00edcil acceso y que quedan por fuera del rango de cobertura de las antenas terrestres. En el caso de Entre R\u00edos, los kits de TDA satelital se encuentran mayormente en zonas rurales y, de acuerdo con Reyes \u201cvamos a realizar un an\u00e1lisis en conjunto con Arsat del estado en que se encuentran los equipamientos otorgados para asegurar su adecuado funcionamiento\u201d.<\/p>\n<p>&nbsp;<\/p>\n<p><strong>Sobre Arsat<\/strong><\/p>\n<p>Arsat es la sociedad an\u00f3nima de propiedad del Estado Nacional creada en 2006 mediante la Ley 26.092 para desarrollar el Sistema Satelital Geoestacionario Argentino de Telecomunicaciones, y proteger las posiciones orbitales asignadas a la Argentina por la UIT. Opera los sat\u00e9lites Arsat-1 y Arsat-2 fabricados en Bariloche, Argentina, por Invap y presta servicios de telecomunicaciones en todo el territorio argentino a trav\u00e9s de su Red Federal de Fibra \u00d3ptica (Refefo) de m\u00e1s de 30.000 kil\u00f3metros. Tambi\u00e9n es responsable de la implementaci\u00f3n y el desarrollo de Televisi\u00f3n Digital Abierta (TDA) que se brinda de forma gratuita, con cobertura sobre todo el territorio nacional incluyendo Pen\u00ednsula Ant\u00e1rtica, Islas Malvinas, e Islas del Atl\u00e1ntico Sur.<\/p>\n","protected":false},"excerpt":{"rendered":"<p>Tras un primer encuentro con las nuevas autoridades nacionales, el gobierno provincial se reuni\u00f3 especialmente con directivos de Arsat para comenzar a revisar los acuerdos firmados con el fin de completar la Red Federal de Fibra \u00d3ptica y relanzar la Televisi\u00f3n Digital Abierta en Entre R\u00edos &nbsp; &nbsp; El gobierno se reuni\u00f3 con directivos de la Empresa Nacional de Soluciones Satelitales (Arsat) en la sede de esa firma, con el objeto de articular acciones que mejoren las condiciones de acceso al servicio de telecomunicaciones en Entre R\u00edos. El encuentro se&#8230;<\/p>\n","protected":false},"author":3,"featured_media":58132,"comment_status":"closed","ping_status":"closed","sticky":false,"template":"","format":"standard","meta":[],"categories":[15],"tags":[],"_links":{"self":[{"href":"https:\/\/www.actualidadadiario.com\/index.php\/wp-json\/wp\/v2\/posts\/58131"}],"collection":[{"href":"https:\/\/www.actualidadadiario.com\/index.php\/wp-json\/wp\/v2\/posts"}],"about":[{"href":"https:\/\/www.actualidadadiario.com\/index.php\/wp-json\/wp\/v2\/types\/post"}],"author":[{"embeddable":true,"href":"https:\/\/www.actualidadadiario.com\/index.php\/wp-json\/wp\/v2\/users\/3"}],"replies":[{"embeddable":true,"href":"https:\/\/www.actualidadadiario.com\/index.php\/wp-json\/wp\/v2\/comments?post=58131"}],"version-history":[{"count":1,"href":"https:\/\/www.actualidadadiario.com\/index.php\/wp-json\/wp\/v2\/posts\/58131\/revisions"}],"predecessor-version":[{"id":58133,"href":"https:\/\/www.actualidadadiario.com\/index.php\/wp-json\/wp\/v2\/posts\/58131\/revisions\/58133"}],"wp:featuredmedia":[{"embeddable":true,"href":"https:\/\/www.actualidadadiario.com\/index.php\/wp-json\/wp\/v2\/media\/58132"}],"wp:attachment":[{"href":"https:\/\/www.actualidadadiario.com\/index.php\/wp-json\/wp\/v2\/media?parent=58131"}],"wp:term":[{"taxonomy":"category","embeddable":true,"href":"https:\/\/www.actualidadadiario.com\/index.php\/wp-json\/wp\/v2\/categories?post=58131"},{"taxonomy":"post_tag","embeddable":true,"href":"https:\/\/www.actualidadadiario.com\/index.php\/wp-json\/wp\/v2\/tags?post=58131"}],"curies":[{"name":"wp","href":"https:\/\/api.w.org\/{rel}","templated":true}]}}