{"id":58129,"date":"2020-02-26T12:09:50","date_gmt":"2020-02-26T15:09:50","guid":{"rendered":"https:\/\/www.actualidadadiario.com\/?p=58129"},"modified":"2020-02-26T12:09:50","modified_gmt":"2020-02-26T15:09:50","slug":"confirman-caso-de-dengue-autoctono-en-federacion","status":"publish","type":"post","link":"https:\/\/www.actualidadadiario.com\/index.php\/2020\/02\/26\/confirman-caso-de-dengue-autoctono-en-federacion\/","title":{"rendered":"Confirman caso de dengue aut\u00f3ctono en Federaci\u00f3n"},"content":{"rendered":"<p style=\"text-align: center;\"><em><strong>Se trata de una mujer de 22 a\u00f1os. Se inici\u00f3 el protocolo establecido de bloqueo, fumigaci\u00f3n en una zona perimetral al domicilio y b\u00fasqueda activa con personas con cuadros similares compatibles con dengue<\/strong><\/em><\/p>\n<p>&nbsp;<\/p>\n<p>&nbsp;<\/p>\n<p>El director de Salud de la Municipalidad de Federaci\u00f3n, Daniel R\u00e9, confirm\u00f3 un caso positivo de dengue en una joven de 22 a\u00f1os. El mismo se dio en una zona c\u00e9ntrica de la ciudad termal y se calific\u00f3 como aut\u00f3ctono ya que la mujer no ha viajado.<\/p>\n<p>El caso comenz\u00f3 a dar sospechas debido a un cuadro de fiebre de dos d\u00edas, se le realizaron estudios en Federaci\u00f3n y Concordia y se comunic\u00f3 que dio positivo en primera instancia y que hay que realizar las pruebas que lo confirmen.<\/p>\n<p>De esta manera, se inici\u00f3 el protocolo establecido de bloqueo, fumigaci\u00f3n en una zona perimetral al domicilio y b\u00fasqueda activa con personas con cuadros similares compatibles con dengue. Se hacen trabajos vinculados a prevenci\u00f3n y asesoramiento. Adem\u00e1s de limpieza de la zona, descacharrizaci\u00f3n y sugerencias preventivas.<\/p>\n<p>\u201cLos vecinos deben estar tranquilos, se activan protocolos frente al caso y se act\u00faa con eficacia y lo completamos en tiempo r\u00e9cord, la mayor\u00eda de la gente que ha trabajado en esto ya tiene tu experiencia, est\u00e1 muy capacitados, los sistemas funcionan. Hay que evitar ser picado por mosquito, usar repelentes, sobre todo en la hora de la tarde a tardecita, usar ropa larga, mosquiteros y repelente de insectos en el domicilio\u201d, sostuvo R\u00e9 a los medios locales.<\/p>\n<p>\u201cLa paciente est\u00e1 en buen estado, son escasos los cuadros que revisten gravedad, pero es altamente contagioso\u201d, finaliz\u00f3.<\/p>\n","protected":false},"excerpt":{"rendered":"<p>Se trata de una mujer de 22 a\u00f1os. Se inici\u00f3 el protocolo establecido de bloqueo, fumigaci\u00f3n en una zona perimetral al domicilio y b\u00fasqueda activa con personas con cuadros similares compatibles con dengue &nbsp; &nbsp; El director de Salud de la Municipalidad de Federaci\u00f3n, Daniel R\u00e9, confirm\u00f3 un caso positivo de dengue en una joven de 22 a\u00f1os. El mismo se dio en una zona c\u00e9ntrica de la ciudad termal y se calific\u00f3 como aut\u00f3ctono ya que la mujer no ha viajado. El caso comenz\u00f3 a dar sospechas debido a&#8230;<\/p>\n","protected":false},"author":3,"featured_media":56977,"comment_status":"closed","ping_status":"closed","sticky":false,"template":"","format":"standard","meta":[],"categories":[9],"tags":[],"_links":{"self":[{"href":"https:\/\/www.actualidadadiario.com\/index.php\/wp-json\/wp\/v2\/posts\/58129"}],"collection":[{"href":"https:\/\/www.actualidadadiario.com\/index.php\/wp-json\/wp\/v2\/posts"}],"about":[{"href":"https:\/\/www.actualidadadiario.com\/index.php\/wp-json\/wp\/v2\/types\/post"}],"author":[{"embeddable":true,"href":"https:\/\/www.actualidadadiario.com\/index.php\/wp-json\/wp\/v2\/users\/3"}],"replies":[{"embeddable":true,"href":"https:\/\/www.actualidadadiario.com\/index.php\/wp-json\/wp\/v2\/comments?post=58129"}],"version-history":[{"count":1,"href":"https:\/\/www.actualidadadiario.com\/index.php\/wp-json\/wp\/v2\/posts\/58129\/revisions"}],"predecessor-version":[{"id":58130,"href":"https:\/\/www.actualidadadiario.com\/index.php\/wp-json\/wp\/v2\/posts\/58129\/revisions\/58130"}],"wp:featuredmedia":[{"embeddable":true,"href":"https:\/\/www.actualidadadiario.com\/index.php\/wp-json\/wp\/v2\/media\/56977"}],"wp:attachment":[{"href":"https:\/\/www.actualidadadiario.com\/index.php\/wp-json\/wp\/v2\/media?parent=58129"}],"wp:term":[{"taxonomy":"category","embeddable":true,"href":"https:\/\/www.actualidadadiario.com\/index.php\/wp-json\/wp\/v2\/categories?post=58129"},{"taxonomy":"post_tag","embeddable":true,"href":"https:\/\/www.actualidadadiario.com\/index.php\/wp-json\/wp\/v2\/tags?post=58129"}],"curies":[{"name":"wp","href":"https:\/\/api.w.org\/{rel}","templated":true}]}}