{"id":58081,"date":"2020-02-21T12:15:36","date_gmt":"2020-02-21T15:15:36","guid":{"rendered":"https:\/\/www.actualidadadiario.com\/?p=58081"},"modified":"2020-02-21T12:15:36","modified_gmt":"2020-02-21T15:15:36","slug":"difunden-hoy-el-resultado-final-de-la-actividad-economica-de-la-era-macri","status":"publish","type":"post","link":"https:\/\/www.actualidadadiario.com\/index.php\/2020\/02\/21\/difunden-hoy-el-resultado-final-de-la-actividad-economica-de-la-era-macri\/","title":{"rendered":"Difunden hoy el resultado final de la actividad econ\u00f3mica de la era Macri"},"content":{"rendered":"<p style=\"text-align: center;\"><em><strong>En 2019 la ca\u00edda se ubicar\u00e1 entre el 2% y el 2,5%, con lo que pr\u00e1cticamente repetir\u00e1 la ca\u00edda del 2018. Si se tiene en cuenta que en 2017 el indicador subi\u00f3 2,8% y cay\u00f3 2,3% en 2016; el resultado final de la gesti\u00f3n anterior represent\u00f3 una ca\u00edda de 4,5%<\/strong><\/em><\/p>\n<p>&nbsp;<\/p>\n<p>&nbsp;<\/p>\n<p>El INDEC publicar\u00e1 hoy a las 16, el resultado final de la actividad econ\u00f3mica en 2019. En todo el a\u00f1o la ca\u00edda se ubicar\u00e1 entre el 2 y el 2,5%, con lo que pr\u00e1cticamente repetir\u00e1 la ca\u00edda del 2018; con lo que la baja del Estimador Mensual de Actividad Econ\u00f3mica (EMAE) durante los \u00faltimos dos a\u00f1os de gesti\u00f3n de Mauricio Macri superar\u00e1 el 5%. Si se tiene en cuenta que en 2017 el indicador subi\u00f3 2,8% y cay\u00f3 2,3% en 2016; el resultado final de la gesti\u00f3n anterior represent\u00f3 una ca\u00edda de 4,5%. Este porcentaje deber\u00eda coincidir con el c\u00e1lculo final del PBI durante toda la presidencia de Macri desde que asumi\u00f3 en diciembre de 2015 y el mismo mes de 2019. Esta ser\u00eda la verdadera herencia que recibi\u00f3 Alberto Fern\u00e1ndez.<\/p>\n<p>En noviembre la actividad econ\u00f3mica se contrajo un 1,9% interanual, un dato que sin embargo fue mejor al esperado por el mercado. Por otra parte, el Estimador Mensual de la Actividad Econ\u00f3mica (EMAE) cay\u00f3 un 1,7% respecto al mes anterior, mientras que en el acumulado de los once meses del 2019 registr\u00f3 un retroceso del 2,3% comparado con igual per\u00edodo del 2018, se\u00f1al\u00f3 el INDEC. En base a estas proyecciones, la ca\u00edda del PBI de 2019 ser\u00eda mayor al verificado en 2018, cuando retrocedi\u00f3 2,5%. En noviembre del a\u00f1o pasado, el comercio mayorista y minorista registr\u00f3 un retroceso interanual del 5%, la construcci\u00f3n cay\u00f3 6,9% y la industria baj\u00f3 4,8.<\/p>\n<p>En el plano cualitativo, el INDEC dio cuenta que el 37,9% de los empresarios consultados consideraron que la demanda interna fabril continuar\u00e1 en baja en los pr\u00f3ximos meses, al menos hasta febrero inclusive, contra un 16,9% que anticipa una mejora, mientras que el restante 45,2% consider\u00f3 que no habr\u00e1 variantes.<\/p>\n<p>En cuanto a las exportaciones, el 22,4% de los empresarios consider\u00f3 que disminuir\u00e1 en el corto plazo, contra el 20,3% que anticip\u00f3 una mejora, mientras que el 57,3% no vislumbra mayores variantes.<\/p>\n<p>Por contrapartida, las subas en el nivel de actividad se anotaron en el sector agropecuario subi\u00f3 1,5 % impulsado por la mayor cosecha de trigo y ma\u00edz, la generaci\u00f3n de electricidad y agua el 4,5% y hoteles y restaurantes el 1,8%; las actividades inmobiliarias y de alquiler el 0,2%; Transporte y comunicaciones 0,3%.<\/p>\n<p>La suba en el sector de Agricultura y Ganader\u00eda se vio impulsada por una campa\u00f1a de trigo que apunta a ser r\u00e9cord, a pesar de la falta de lluvias durante diciembre.<\/p>\n<p>Seg\u00fan la Bolsa de Comercio de Rosario, se recolect\u00f3 la cifra r\u00e9cord de 19,5 millones de toneladas, 500.000 m\u00e1s que el a\u00f1o pasado, debido \u201ca la tecnolog\u00eda\u201d invertida en la producci\u00f3n, que compens\u00f3 la falta de humedad.<\/p>\n<p>En medio de este panorama, el Banco Central public\u00f3 d\u00edas atr\u00e1s el primer Relevamiento de Expectativas de Mercado (REM) del a\u00f1o, con las proyecciones de los analistas para los pr\u00f3ximos meses. All\u00ed se destac\u00f3 que la inflaci\u00f3n esperada para 2020 alcanzar\u00e1 el 41,7% interanual (-0,6 p.p. con respecto al \u00faltimo informe), mientras que la actividad caer\u00eda 1,5% (-0,1 p.p.). Por su parte, para diciembre, es espera un d\u00f3lar a $78,7, con una tasa Badlar cerca del 28%.<\/p>\n","protected":false},"excerpt":{"rendered":"<p>En 2019 la ca\u00edda se ubicar\u00e1 entre el 2% y el 2,5%, con lo que pr\u00e1cticamente repetir\u00e1 la ca\u00edda del 2018. Si se tiene en cuenta que en 2017 el indicador subi\u00f3 2,8% y cay\u00f3 2,3% en 2016; el resultado final de la gesti\u00f3n anterior represent\u00f3 una ca\u00edda de 4,5% &nbsp; &nbsp; El INDEC publicar\u00e1 hoy a las 16, el resultado final de la actividad econ\u00f3mica en 2019. En todo el a\u00f1o la ca\u00edda se ubicar\u00e1 entre el 2 y el 2,5%, con lo que pr\u00e1cticamente repetir\u00e1 la ca\u00edda del&#8230;<\/p>\n","protected":false},"author":3,"featured_media":58082,"comment_status":"closed","ping_status":"closed","sticky":false,"template":"","format":"standard","meta":[],"categories":[2],"tags":[],"_links":{"self":[{"href":"https:\/\/www.actualidadadiario.com\/index.php\/wp-json\/wp\/v2\/posts\/58081"}],"collection":[{"href":"https:\/\/www.actualidadadiario.com\/index.php\/wp-json\/wp\/v2\/posts"}],"about":[{"href":"https:\/\/www.actualidadadiario.com\/index.php\/wp-json\/wp\/v2\/types\/post"}],"author":[{"embeddable":true,"href":"https:\/\/www.actualidadadiario.com\/index.php\/wp-json\/wp\/v2\/users\/3"}],"replies":[{"embeddable":true,"href":"https:\/\/www.actualidadadiario.com\/index.php\/wp-json\/wp\/v2\/comments?post=58081"}],"version-history":[{"count":1,"href":"https:\/\/www.actualidadadiario.com\/index.php\/wp-json\/wp\/v2\/posts\/58081\/revisions"}],"predecessor-version":[{"id":58083,"href":"https:\/\/www.actualidadadiario.com\/index.php\/wp-json\/wp\/v2\/posts\/58081\/revisions\/58083"}],"wp:featuredmedia":[{"embeddable":true,"href":"https:\/\/www.actualidadadiario.com\/index.php\/wp-json\/wp\/v2\/media\/58082"}],"wp:attachment":[{"href":"https:\/\/www.actualidadadiario.com\/index.php\/wp-json\/wp\/v2\/media?parent=58081"}],"wp:term":[{"taxonomy":"category","embeddable":true,"href":"https:\/\/www.actualidadadiario.com\/index.php\/wp-json\/wp\/v2\/categories?post=58081"},{"taxonomy":"post_tag","embeddable":true,"href":"https:\/\/www.actualidadadiario.com\/index.php\/wp-json\/wp\/v2\/tags?post=58081"}],"curies":[{"name":"wp","href":"https:\/\/api.w.org\/{rel}","templated":true}]}}