{"id":58076,"date":"2020-02-21T12:14:14","date_gmt":"2020-02-21T15:14:14","guid":{"rendered":"https:\/\/www.actualidadadiario.com\/?p=58076"},"modified":"2020-02-21T12:14:14","modified_gmt":"2020-02-21T15:14:14","slug":"daniel-arroyo-volvio-a-visitar-comunidades-wichi-en-salta","status":"publish","type":"post","link":"https:\/\/www.actualidadadiario.com\/index.php\/2020\/02\/21\/daniel-arroyo-volvio-a-visitar-comunidades-wichi-en-salta\/","title":{"rendered":"Daniel Arroyo volvi\u00f3 a visitar comunidades wichi en Salta"},"content":{"rendered":"<p style=\"text-align: center;\"><em><strong>El ministro de Desarrollo Social, Daniel Arroyo, visit\u00f3 este jueves a las comunidades wichi de Salta para supervisar el avance de las tareas de asistencia en la zona. All\u00ed, asegur\u00f3 que, a partir de la atenci\u00f3n \u201cconjunta\u201d que brindan las autoridades nacionales y provinciales, \u201cla situaci\u00f3n\u201d de desnutrici\u00f3n que afecta desde hace un tiempo a esta poblaci\u00f3n ind\u00edgena \u201cest\u00e1 empezando a estabilizarse\u201d, aunque advirti\u00f3 que la realidad de la regi\u00f3n sigue siendo \u201ccr\u00edtica\u201d<\/strong><\/em><\/p>\n<p>&nbsp;<\/p>\n<p>Acompa\u00f1ado por el gobernador local, Gustavo S\u00e1enz, el funcionario recorri\u00f3 la localidad de Alto de la Sierra, a 70 kil\u00f3metros del municipio Santa Victoria Este, donde se reuni\u00f3 con los caciques del lugar. Adem\u00e1s, visit\u00f3 una escuela primaria y el hospital provincial.<\/p>\n<p>\u201cEn un contexto muy cr\u00edtico, la situaci\u00f3n est\u00e1 empezando estabilizarse\u201d, dijo el ministro a la agencia de noticias T\u00e9lam, y precis\u00f3 que el Ejecutivo nacional est\u00e1 llevando a cabo las tareas de entrega de m\u00f3dulos alimentarios y provisi\u00f3n de agua potable, en este \u00faltimo caso a trav\u00e9s del Ej\u00e9rcito.<\/p>\n<p>Asimismo, el titular de la cartera de Desarrollo Social asegur\u00f3 que se est\u00e1n efectuando \u201crastrillajes\u201d para dar con ni\u00f1os con dificultades de salud y poder as\u00ed \u201cvincularlos\u201d con el hospital de Salta. \u201cTodo eso est\u00e1 empezando a dar resultado, si bien la situaci\u00f3n sigue siendo muy cr\u00edtica\u201d, aclar\u00f3 Arroyo.<\/p>\n<p>Adem\u00e1s, el funcionario indic\u00f3 que \u201cm\u00e1s all\u00e1 de la emergencia, los caciques pidieron por cuestiones estructurales, como pozos de aguas y proyectos productivos\u201d. Al respecto, el ministro destac\u00f3 que la \u201carticulaci\u00f3n\u201d de las autoridades nacionales con las provinciales se est\u00e1 \u201cfortaleciendo\u201d durante la gesti\u00f3n de S\u00e1enz, por ejemplo gracias a las acciones con la provisi\u00f3n de ambulancias, un aporte que resulta \u201cclave\u201d para las tareas de asistencia.<\/p>\n<p>El lunes \u00faltimo, la Casa Rosada anunci\u00f3 la inversi\u00f3n de un mill\u00f3n de d\u00f3lares para hacer siete pozos de agua en Santa Victoria Este, donde fallecieron al menos ocho ni\u00f1os wichis por desnutrici\u00f3n. A trav\u00e9s de un pr\u00e9stamo del Banco Mundial, las obras proveer\u00e1n este servicio b\u00e1sico para consumo humano y para la producci\u00f3n de alimentos a m\u00e1s de 4.500 habitantes de comunidades de pueblos originarios.<\/p>\n<p>La semana pasada Arroyo hab\u00eda consignado adem\u00e1s que al menos 32 ni\u00f1os de comunidades wichi permanec\u00edan internados por desnutrici\u00f3n, mientras otros 160 hab\u00edan sido registrados con muy bajo peso en distintos parajes de Salta.<\/p>\n<p>La situaci\u00f3n sanitaria en esa provincia tuvo como respuesta un operativo conjunto que identific\u00f3 la falta de acceso al agua potable como una de las causas principales de la problem\u00e1tica. Arroyo ya hab\u00eda visitado esta provincia para interiorizarse en el tema.<\/p>\n<p>El jueves de la semana pasada, en conjunto con el ministro de Salud, Gin\u00e9s Gonz\u00e1lez Garc\u00eda, lanz\u00f3 un plan de emergencia para esta zona que consiste, entre otras cosas, en enviar ayuda alimentaria y sanitaria.<\/p>\n<p>\u201cEl problema central es que los chicos toman agua en mal estado y de ah\u00ed devienen las enfermedades\u201d, explicaron los funcionarios en di\u00e1logo con la prensa. Por esta raz\u00f3n, las autoridades priorizaron tomar medidas para resolver este punto.<\/p>\n","protected":false},"excerpt":{"rendered":"<p>El ministro de Desarrollo Social, Daniel Arroyo, visit\u00f3 este jueves a las comunidades wichi de Salta para supervisar el avance de las tareas de asistencia en la zona. All\u00ed, asegur\u00f3 que, a partir de la atenci\u00f3n \u201cconjunta\u201d que brindan las autoridades nacionales y provinciales, \u201cla situaci\u00f3n\u201d de desnutrici\u00f3n que afecta desde hace un tiempo a esta poblaci\u00f3n ind\u00edgena \u201cest\u00e1 empezando a estabilizarse\u201d, aunque advirti\u00f3 que la realidad de la regi\u00f3n sigue siendo \u201ccr\u00edtica\u201d &nbsp; Acompa\u00f1ado por el gobernador local, Gustavo S\u00e1enz, el funcionario recorri\u00f3 la localidad de Alto de la&#8230;<\/p>\n","protected":false},"author":3,"featured_media":58077,"comment_status":"closed","ping_status":"closed","sticky":false,"template":"","format":"standard","meta":[],"categories":[2],"tags":[],"_links":{"self":[{"href":"https:\/\/www.actualidadadiario.com\/index.php\/wp-json\/wp\/v2\/posts\/58076"}],"collection":[{"href":"https:\/\/www.actualidadadiario.com\/index.php\/wp-json\/wp\/v2\/posts"}],"about":[{"href":"https:\/\/www.actualidadadiario.com\/index.php\/wp-json\/wp\/v2\/types\/post"}],"author":[{"embeddable":true,"href":"https:\/\/www.actualidadadiario.com\/index.php\/wp-json\/wp\/v2\/users\/3"}],"replies":[{"embeddable":true,"href":"https:\/\/www.actualidadadiario.com\/index.php\/wp-json\/wp\/v2\/comments?post=58076"}],"version-history":[{"count":1,"href":"https:\/\/www.actualidadadiario.com\/index.php\/wp-json\/wp\/v2\/posts\/58076\/revisions"}],"predecessor-version":[{"id":58078,"href":"https:\/\/www.actualidadadiario.com\/index.php\/wp-json\/wp\/v2\/posts\/58076\/revisions\/58078"}],"wp:featuredmedia":[{"embeddable":true,"href":"https:\/\/www.actualidadadiario.com\/index.php\/wp-json\/wp\/v2\/media\/58077"}],"wp:attachment":[{"href":"https:\/\/www.actualidadadiario.com\/index.php\/wp-json\/wp\/v2\/media?parent=58076"}],"wp:term":[{"taxonomy":"category","embeddable":true,"href":"https:\/\/www.actualidadadiario.com\/index.php\/wp-json\/wp\/v2\/categories?post=58076"},{"taxonomy":"post_tag","embeddable":true,"href":"https:\/\/www.actualidadadiario.com\/index.php\/wp-json\/wp\/v2\/tags?post=58076"}],"curies":[{"name":"wp","href":"https:\/\/api.w.org\/{rel}","templated":true}]}}