{"id":58072,"date":"2020-02-21T12:12:41","date_gmt":"2020-02-21T15:12:41","guid":{"rendered":"https:\/\/www.actualidadadiario.com\/?p=58072"},"modified":"2020-02-21T12:12:41","modified_gmt":"2020-02-21T15:12:41","slug":"el-banco-nacion-ya-ofrece-los-nuevos-creditos-para-pymes-con-una-tasa-de-279","status":"publish","type":"post","link":"https:\/\/www.actualidadadiario.com\/index.php\/2020\/02\/21\/el-banco-nacion-ya-ofrece-los-nuevos-creditos-para-pymes-con-una-tasa-de-279\/","title":{"rendered":"El Banco Naci\u00f3n ya ofrece los nuevos cr\u00e9ditos para Pymes con una tasa de 27,9%"},"content":{"rendered":"<p style=\"text-align: center;\"><em><strong>Se trata de una nueva l\u00ednea a tasa bonificada que el BNA llevar\u00e1 adelante en una pol\u00edtica conjunta con el Ministerio de la Producci\u00f3n<\/strong><\/em><\/p>\n<p>&nbsp;<\/p>\n<p>&nbsp;<\/p>\n<p>El Banco Naci\u00f3n (BNA) tiene operativa la nueva l\u00ednea de cr\u00e9dito para las Pymes, a una tasa bonificada de 27,9%, en una pol\u00edtica conjunta con el Ministerio de la Producci\u00f3n por un monto total de $ 10.000 millones, inform\u00f3 hoy la entidad oficial.<\/p>\n<p>La tasa de inter\u00e9s de 27,9% acompa\u00f1a la baja progresiva de tasas de referencia del Banco Central, que alcanza hoy el 48%, indic\u00f3 el BNA en un comunicado.<\/p>\n<p>Esa tasa regir\u00e1 para clientes integrales de la entidad bancaria y ser\u00e1 tambi\u00e9n bonificada pero con una tasa de 29,5% en el caso de las empresas que no tengan ese car\u00e1cter.<\/p>\n<p>El BNA ya recibi\u00f3 4.976 consultas desde el anuncio de la medida y 975 de ellas se convirtieron en solicitudes por casi $ 4.000 millones, se inform\u00f3.<\/p>\n<p>\u201cNos propusimos recuperar su solidez y reorientar nuestra capacidad al financiamiento de las peque\u00f1as y medianas empresas, que representan el 97% del universo productivo y generan el 65% de los puestos de trabajo y alrededor del 50% del PBI de la Argentina\u201d, dijo el presidente del Banco Naci\u00f3n, Eduardo Hecker.<\/p>\n<p>Hecker tambi\u00e9n destac\u00f3 la relevancia del alivio financiero a las Pymes, ya que \u00e9stas &#8220;son generadoras de puestos de trabajo&#8221;.<\/p>\n<p>&nbsp;<\/p>\n<p><strong>Las caracter\u00edsticas de los cr\u00e9ditos<\/strong><\/p>\n<p>La l\u00ednea de cr\u00e9dito tiene como objetivo apuntalar el capital de trabajo y puede ser destinada a la &#8220;adquisici\u00f3n de materias primas, pago de salarios u otros gastos, financiar\u00e1 el 100% del proyecto presentado, con un monto m\u00e1ximo de $ 5 millones por empresa, y un plazo de pago de 12 meses&#8221;, inform\u00f3 el BNA.<\/p>\n<p>Las Pymes, uno de los sectores m\u00e1s afectados por la imposibilidad de acceso al cr\u00e9dito y la recesi\u00f3n econ\u00f3mica en los \u00faltimos a\u00f1os, ya cuentan con el Plan Moratoria 2020, que contempla una quita promedio del 42% sobre el total de las deudas, con hasta 120 cuotas y una tasa del 3% mensual fija por un a\u00f1o, inform\u00f3 la entidad.<\/p>\n","protected":false},"excerpt":{"rendered":"<p>Se trata de una nueva l\u00ednea a tasa bonificada que el BNA llevar\u00e1 adelante en una pol\u00edtica conjunta con el Ministerio de la Producci\u00f3n &nbsp; &nbsp; El Banco Naci\u00f3n (BNA) tiene operativa la nueva l\u00ednea de cr\u00e9dito para las Pymes, a una tasa bonificada de 27,9%, en una pol\u00edtica conjunta con el Ministerio de la Producci\u00f3n por un monto total de $ 10.000 millones, inform\u00f3 hoy la entidad oficial. La tasa de inter\u00e9s de 27,9% acompa\u00f1a la baja progresiva de tasas de referencia del Banco Central, que alcanza hoy el&#8230;<\/p>\n","protected":false},"author":3,"featured_media":55850,"comment_status":"closed","ping_status":"closed","sticky":false,"template":"","format":"standard","meta":[],"categories":[2],"tags":[],"_links":{"self":[{"href":"https:\/\/www.actualidadadiario.com\/index.php\/wp-json\/wp\/v2\/posts\/58072"}],"collection":[{"href":"https:\/\/www.actualidadadiario.com\/index.php\/wp-json\/wp\/v2\/posts"}],"about":[{"href":"https:\/\/www.actualidadadiario.com\/index.php\/wp-json\/wp\/v2\/types\/post"}],"author":[{"embeddable":true,"href":"https:\/\/www.actualidadadiario.com\/index.php\/wp-json\/wp\/v2\/users\/3"}],"replies":[{"embeddable":true,"href":"https:\/\/www.actualidadadiario.com\/index.php\/wp-json\/wp\/v2\/comments?post=58072"}],"version-history":[{"count":1,"href":"https:\/\/www.actualidadadiario.com\/index.php\/wp-json\/wp\/v2\/posts\/58072\/revisions"}],"predecessor-version":[{"id":58073,"href":"https:\/\/www.actualidadadiario.com\/index.php\/wp-json\/wp\/v2\/posts\/58072\/revisions\/58073"}],"wp:featuredmedia":[{"embeddable":true,"href":"https:\/\/www.actualidadadiario.com\/index.php\/wp-json\/wp\/v2\/media\/55850"}],"wp:attachment":[{"href":"https:\/\/www.actualidadadiario.com\/index.php\/wp-json\/wp\/v2\/media?parent=58072"}],"wp:term":[{"taxonomy":"category","embeddable":true,"href":"https:\/\/www.actualidadadiario.com\/index.php\/wp-json\/wp\/v2\/categories?post=58072"},{"taxonomy":"post_tag","embeddable":true,"href":"https:\/\/www.actualidadadiario.com\/index.php\/wp-json\/wp\/v2\/tags?post=58072"}],"curies":[{"name":"wp","href":"https:\/\/api.w.org\/{rel}","templated":true}]}}