{"id":58070,"date":"2020-02-21T12:11:55","date_gmt":"2020-02-21T15:11:55","guid":{"rendered":"https:\/\/www.actualidadadiario.com\/?p=58070"},"modified":"2020-02-21T12:11:55","modified_gmt":"2020-02-21T15:11:55","slug":"faltante-de-vacunas-menveo-estaban-trabadas-en-la-aduana-y-en-10-dias-llegan-a-los-centros-de-salud","status":"publish","type":"post","link":"https:\/\/www.actualidadadiario.com\/index.php\/2020\/02\/21\/faltante-de-vacunas-menveo-estaban-trabadas-en-la-aduana-y-en-10-dias-llegan-a-los-centros-de-salud\/","title":{"rendered":"Faltante de vacunas Menveo: estaban trabadas en la Aduana y en 10 d\u00edas llegan a los centros de salud"},"content":{"rendered":"<p style=\"text-align: center;\"><em><strong>La vacuna contra la meningitis forma parte del calendario nacional pero hay escasez desde hace 18 meses. La empresa que las fabrica reconoci\u00f3 problemas en su producci\u00f3n a nivel global pero en Argentina hab\u00eda miles de dosis que el gobierno de Cambiemos no retir\u00f3 de la Aduana. La actual gesti\u00f3n las liber\u00f3 y en 10 d\u00edas ya estar\u00edan en los centros de salud p\u00fablicos<\/strong><\/em><\/p>\n<p>&nbsp;<\/p>\n<p>&nbsp;<\/p>\n<p>El silencio NO es salud. Basta poner la palabra Menveo en el buscador de la red social Facebook para entender la angustia que atraviesan miles de personas del pa\u00eds ante la falta de informaci\u00f3n sobre el faltante de vacunas antimeningoc\u00f3cicas Menveo. Las denuncias tienen por lo menos 18 meses y los grupos est\u00e1n m\u00e1s activos que nunca. Sucede que actualmente es casi imposible encontrar en cualquier centro de salud la inyecci\u00f3n que desde 2017 forma parte del Calendario Nacional de Vacunaci\u00f3n y que, por lo tanto, el Estado debe garantizar. La actual gesti\u00f3n del Ministerio de Salud de la Naci\u00f3n se encontr\u00f3 con esta situaci\u00f3n al asumir y asegura que en marzo se normalizar\u00e1 la distribuci\u00f3n, pero a\u00fan no realiz\u00f3 un comunicado oficial. \u00bfQui\u00e9nes son los responsables de esta situaci\u00f3n?\u00a0 \u00bfLos ni\u00f1os est\u00e1n en riesgo? Respuestas profesionales para atravesar estos tiempos de incertidumbre.<\/p>\n<p>Carla Orsini es m\u00e9dica pediatra del Centro de Salud y Acci\u00f3n Comunitaria (CeSAC) 31 del Bajo Flores. All\u00ed atiende a cientos de pacientes todos los d\u00edas. Hija y nieta de pediatra, hace unos meses decidi\u00f3 llevar su tarea afuera del consultorio y abri\u00f3 una cuenta en Instagram para dar recomendaciones saludables para los ni\u00f1os. All\u00ed la siguen decenas de miles de personas. Y all\u00ed tambi\u00e9n descubri\u00f3 el alcance del problema de la Menveo.<\/p>\n<p>\u201cHace mucho tiempo hice un posteo contando sobre qu\u00e9 era la Menveo y por qu\u00e9 hab\u00eda que d\u00e1rsela a los chicos. Y de repente empec\u00e9 a recibir mensajes de todas partes diciendo que no la consegu\u00edan. Ah\u00ed me di cuenta de que en la Ciudad de Buenos Aires hab\u00eda cuando ya no hab\u00eda en el resto del pa\u00eds. As\u00ed que empec\u00e9 a compartir los mensajes que me llegaban diciendo d\u00f3nde conseguir en La Plata, en Rosario, C\u00f3rdoba, etc. Pero en el \u00faltimo mes recib\u00ed hasta 100 mensajes por d\u00eda preguntando d\u00f3nde estaba. Se contaban de padre en padre. Y empez\u00f3 a pasar que las vacunas se agotaban en el d\u00eda porque ca\u00edan 50 padres en un CeSAC adonde hab\u00eda\u201d, cuenta Orsini.<\/p>\n<p>La desesperaci\u00f3n de los padres, explica, es comprensible. \u201cEs una vacuna obligatoria para ni\u00f1os de hasta 15 meses. As\u00ed que agarra a los padres tambi\u00e9n en un momento de mucha angustia y preocupaci\u00f3n. Pero no hay brote. Es m\u00e1s, hace tres a\u00f1os la vacuna no estaba en el Calendario Nacional, as\u00ed que se la daba el que pod\u00eda. Pero ahora es un derecho y est\u00e1 siendo vulnerado\u201d, contextualiza.<\/p>\n<p>Lo mismo destaca Ricardo Teijeiro, integrante de la Sociedad Argentina de Infectolog\u00eda (SADI). \u201cTenemos alrededor de 200 casos por a\u00f1o de meningococo. No hay epidemias. Pero de todas maneras no podemos disminuir su importancia\u201d, se\u00f1ala. \u201cEl que no se la aplic\u00f3 va a tener la indicaci\u00f3n fuera de la edad y es probable que el riesgo ya lo haya pasado. Pero lo importante es que se est\u00e1 en camino de revertir este faltante\u201d, a\u00f1ade.<\/p>\n<p>\u201cSe est\u00e1 trabajando para restablecer la vacuna. En marzo van a estar en las provincias para que las distribuyan a todos los centros de atenci\u00f3n primaria\u201d, le confirman a Tiempo fuentes del Ministerio de Salud de la Naci\u00f3n. La respuesta no tiene la firma de ninguna autoridad porque primero quieren reunirse con los ministros de todas las provincias, hecho que suceder\u00e1 reci\u00e9n la semana pr\u00f3xima. Pero informalmente ya han comenzado a circular esa informaci\u00f3n que sirve, en especial a los Centros de Salud, para contener a los padres desesperados. El problema, explican las enfermeras, es que son ellas quienes asumen la cara del Estado y sufren las entendibles molestias de quienes temen por la salud de sus hijos.<\/p>\n<p>&nbsp;<\/p>\n<p><strong>\u00bfQu\u00e9 pas\u00f3 y qui\u00e9nes son los responsables?<\/strong><\/p>\n<p>\u201cLa firma GlaxosmithKline Argentina SA, titular del producto, nos inform\u00f3 que en el sector privado presentan problemas de abastecimiento. No tienen disponibilidad de Menveo, es un problema desde el pa\u00eds de origen, donde se encuentran racionalizando la entrega a nivel mundial ya que est\u00e1n modificando las plantas de producci\u00f3n. Estiman el restablecimiento durante el mes de abril\u201d. El comunicado, publicado el 19 de febrero, lleva la firma de la Direcci\u00f3n de Gesti\u00f3n de Informaci\u00f3n T\u00e9cnica. Menciona la fecha de abril para la distribuci\u00f3n en el sector privado (adonde podr\u00eda conseguirse por alrededor de 5000 pesos), pero luego aclara que podr\u00eda ser antes en el sector p\u00fablico. \u00bfPor qu\u00e9?<\/p>\n<p>Miles de dosis de Menveo \u201cse encontraban en unos lotes retenidos en aduana que fueron liberados a comienzos de enero por el ministro de Salud, los cuales antes de que se encuentren disponibles en el mercado deben pasar por los controles de calidad y luego hay que tener en cuenta el tiempo de distribuci\u00f3n\u201d, agrega la nota. En diez d\u00edas, aseguran en la cartera dirigida por Gin\u00e9s Gonz\u00e1lez Garc\u00eda, ya podr\u00edan encontrarse las dosis en los vacunatorios p\u00fablicos.<\/p>\n<p>\u201cNo hay ninguna duda de que hay negligencia de la gesti\u00f3n anterior\u201d, asegura Teijeiro. \u201cTodas esas vacunas estaban en aduana y no se pudieron distribuir. Fue una decisi\u00f3n pol\u00edtica de no pagar un impuesto. Pero f\u00edjense qu\u00e9 rid\u00edculo: era el Estado vs el Estado. Es decir que era una decisi\u00f3n pol\u00edtica. Por eso la nueva gesti\u00f3n lo que hizo fue eliminar la tasa de aduana y sacar las vacunas para distribuirlas. En esos lotes hab\u00eda todo tipo de vacunas del calendario: triple viral, qu\u00edntuple, etc.\u201d, detalla el representante de SADI.<\/p>\n<p>Ahora, al menos, se conoce lo que pas\u00f3 y hay una previsi\u00f3n de resoluci\u00f3n. La urgencia es garantizar el acceso a la salud para toda la poblaci\u00f3n. Luego vendr\u00e1 el tiempo de analizar las responsabilidades de los que pusieron en riesgo a tantas personas y accionar en consecuencia.<\/p>\n","protected":false},"excerpt":{"rendered":"<p>La vacuna contra la meningitis forma parte del calendario nacional pero hay escasez desde hace 18 meses. La empresa que las fabrica reconoci\u00f3 problemas en su producci\u00f3n a nivel global pero en Argentina hab\u00eda miles de dosis que el gobierno de Cambiemos no retir\u00f3 de la Aduana. La actual gesti\u00f3n las liber\u00f3 y en 10 d\u00edas ya estar\u00edan en los centros de salud p\u00fablicos &nbsp; &nbsp; El silencio NO es salud. Basta poner la palabra Menveo en el buscador de la red social Facebook para entender la angustia que atraviesan&#8230;<\/p>\n","protected":false},"author":3,"featured_media":4798,"comment_status":"closed","ping_status":"closed","sticky":false,"template":"","format":"standard","meta":[],"categories":[2],"tags":[],"_links":{"self":[{"href":"https:\/\/www.actualidadadiario.com\/index.php\/wp-json\/wp\/v2\/posts\/58070"}],"collection":[{"href":"https:\/\/www.actualidadadiario.com\/index.php\/wp-json\/wp\/v2\/posts"}],"about":[{"href":"https:\/\/www.actualidadadiario.com\/index.php\/wp-json\/wp\/v2\/types\/post"}],"author":[{"embeddable":true,"href":"https:\/\/www.actualidadadiario.com\/index.php\/wp-json\/wp\/v2\/users\/3"}],"replies":[{"embeddable":true,"href":"https:\/\/www.actualidadadiario.com\/index.php\/wp-json\/wp\/v2\/comments?post=58070"}],"version-history":[{"count":1,"href":"https:\/\/www.actualidadadiario.com\/index.php\/wp-json\/wp\/v2\/posts\/58070\/revisions"}],"predecessor-version":[{"id":58071,"href":"https:\/\/www.actualidadadiario.com\/index.php\/wp-json\/wp\/v2\/posts\/58070\/revisions\/58071"}],"wp:featuredmedia":[{"embeddable":true,"href":"https:\/\/www.actualidadadiario.com\/index.php\/wp-json\/wp\/v2\/media\/4798"}],"wp:attachment":[{"href":"https:\/\/www.actualidadadiario.com\/index.php\/wp-json\/wp\/v2\/media?parent=58070"}],"wp:term":[{"taxonomy":"category","embeddable":true,"href":"https:\/\/www.actualidadadiario.com\/index.php\/wp-json\/wp\/v2\/categories?post=58070"},{"taxonomy":"post_tag","embeddable":true,"href":"https:\/\/www.actualidadadiario.com\/index.php\/wp-json\/wp\/v2\/tags?post=58070"}],"curies":[{"name":"wp","href":"https:\/\/api.w.org\/{rel}","templated":true}]}}