{"id":58057,"date":"2020-02-21T12:07:47","date_gmt":"2020-02-21T15:07:47","guid":{"rendered":"https:\/\/www.actualidadadiario.com\/?p=58057"},"modified":"2020-02-21T12:07:47","modified_gmt":"2020-02-21T15:07:47","slug":"el-gobierno-se-reune-con-los-gremios-docentes","status":"publish","type":"post","link":"https:\/\/www.actualidadadiario.com\/index.php\/2020\/02\/21\/el-gobierno-se-reune-con-los-gremios-docentes\/","title":{"rendered":"El Gobierno se re\u00fane con los gremios docentes"},"content":{"rendered":"<p style=\"text-align: center;\"><em><strong>El gobierno provincial se reunir\u00e1 este viernes con la dirigencia de AGMER, AMET, UDA y Sadop. Ser\u00e1 un primer encuentro para definir criterios de cara a las pr\u00f3ximas paritarias. Ser\u00e1 a partir de las 10, en el Sal\u00f3n de los Gobernadores<\/strong><\/em><\/p>\n<p>&nbsp;<\/p>\n<p>&nbsp;<\/p>\n<p>El gobierno provincial se reunir\u00e1 este viernes con la dirigencia de la Asociaci\u00f3n Gremial del Magisterio de Entre R\u00edos (Agmer), la Asociaci\u00f3n del Magisterio de Ense\u00f1anza T\u00e9cnica (AMET), la Uni\u00f3n Docentes Argentinos (UDA) y el Sindicato Argentino de Docentes Privados (Sadop). En el encuentro se definir\u00e1n criterios de cara a las pr\u00f3ximas paritarias.<\/p>\n<p>El encuentro se realizar\u00e1, desde las 10 en el Sal\u00f3n de los Gobernadores de Casa de Gobierno.<\/p>\n<p>&nbsp;<\/p>\n<p><strong>El piso en las provincias<\/strong><\/p>\n<p>Cabe recordar que el Ministerio de Educaci\u00f3n de la Naci\u00f3n convoc\u00f3 a los gremios docentes nacionales, para el pr\u00f3ximo mi\u00e9rcoles, es decir, cinco d\u00edas antes de que arranquen las clases en casi todo el pa\u00eds. En dos provincias -Chubut y Mendoza- empezar\u00e1n ese mismo d\u00eda. Ser\u00e1 la primera oferta salarial del nuevo gobierno.<\/p>\n<p>La cuesti\u00f3n es que hasta que no se defina en la paritaria nacional cu\u00e1l ser\u00e1 el salario m\u00ednimo de los docentes (esa es su funci\u00f3n), las provincias no avanzan con sus propias paritarias con los sindicatos distritales. La paritaria nacional funciona, en los hechos, como un piso para las negociaciones en las provincias. Por eso, algunos sindicatos ya manifestaron su preocupaci\u00f3n y hasta firmaron un comunicado en el que afirman que &#8220;no se hacen responsables&#8221; si en algunos distritos no empieza el ciclo lectivo.<\/p>\n","protected":false},"excerpt":{"rendered":"<p>El gobierno provincial se reunir\u00e1 este viernes con la dirigencia de AGMER, AMET, UDA y Sadop. Ser\u00e1 un primer encuentro para definir criterios de cara a las pr\u00f3ximas paritarias. Ser\u00e1 a partir de las 10, en el Sal\u00f3n de los Gobernadores &nbsp; &nbsp; El gobierno provincial se reunir\u00e1 este viernes con la dirigencia de la Asociaci\u00f3n Gremial del Magisterio de Entre R\u00edos (Agmer), la Asociaci\u00f3n del Magisterio de Ense\u00f1anza T\u00e9cnica (AMET), la Uni\u00f3n Docentes Argentinos (UDA) y el Sindicato Argentino de Docentes Privados (Sadop). En el encuentro se definir\u00e1n criterios&#8230;<\/p>\n","protected":false},"author":3,"featured_media":58058,"comment_status":"closed","ping_status":"closed","sticky":false,"template":"","format":"standard","meta":[],"categories":[15],"tags":[],"_links":{"self":[{"href":"https:\/\/www.actualidadadiario.com\/index.php\/wp-json\/wp\/v2\/posts\/58057"}],"collection":[{"href":"https:\/\/www.actualidadadiario.com\/index.php\/wp-json\/wp\/v2\/posts"}],"about":[{"href":"https:\/\/www.actualidadadiario.com\/index.php\/wp-json\/wp\/v2\/types\/post"}],"author":[{"embeddable":true,"href":"https:\/\/www.actualidadadiario.com\/index.php\/wp-json\/wp\/v2\/users\/3"}],"replies":[{"embeddable":true,"href":"https:\/\/www.actualidadadiario.com\/index.php\/wp-json\/wp\/v2\/comments?post=58057"}],"version-history":[{"count":1,"href":"https:\/\/www.actualidadadiario.com\/index.php\/wp-json\/wp\/v2\/posts\/58057\/revisions"}],"predecessor-version":[{"id":58059,"href":"https:\/\/www.actualidadadiario.com\/index.php\/wp-json\/wp\/v2\/posts\/58057\/revisions\/58059"}],"wp:featuredmedia":[{"embeddable":true,"href":"https:\/\/www.actualidadadiario.com\/index.php\/wp-json\/wp\/v2\/media\/58058"}],"wp:attachment":[{"href":"https:\/\/www.actualidadadiario.com\/index.php\/wp-json\/wp\/v2\/media?parent=58057"}],"wp:term":[{"taxonomy":"category","embeddable":true,"href":"https:\/\/www.actualidadadiario.com\/index.php\/wp-json\/wp\/v2\/categories?post=58057"},{"taxonomy":"post_tag","embeddable":true,"href":"https:\/\/www.actualidadadiario.com\/index.php\/wp-json\/wp\/v2\/tags?post=58057"}],"curies":[{"name":"wp","href":"https:\/\/api.w.org\/{rel}","templated":true}]}}