{"id":58051,"date":"2020-02-21T12:05:46","date_gmt":"2020-02-21T15:05:46","guid":{"rendered":"https:\/\/www.actualidadadiario.com\/?p=58051"},"modified":"2020-02-21T12:05:46","modified_gmt":"2020-02-21T15:05:46","slug":"bordet-participo-del-lanzamiento-del-programa-remediar","status":"publish","type":"post","link":"https:\/\/www.actualidadadiario.com\/index.php\/2020\/02\/21\/bordet-participo-del-lanzamiento-del-programa-remediar\/","title":{"rendered":"Bordet particip\u00f3 del lanzamiento del Programa Remediar"},"content":{"rendered":"<p style=\"text-align: center;\"><em><strong>El gobernador Gustavo Bordet particip\u00f3 este jueves del lanzamiento del Programa Remediar realizado por el presidente de la Naci\u00f3n Alberto Fern\u00e1ndez, junto al ministro de Salud, Gin\u00e9s Gonz\u00e1lez Garc\u00eda, y al jefe de Gabinete, Santiago Cafiero en la Quinta de Olivos<\/strong><\/em><\/p>\n<p>&nbsp;<\/p>\n<p>&nbsp;<\/p>\n<p>Tras la presentaci\u00f3n, el gobernador Gustavo Bordet celebr\u00f3 la vuelta del Plan Remediar, y asegur\u00f3 que \u201cpol\u00edticas como estas significan el acceso de millones de argentinos a un derecho tan b\u00e1sico como es la salud\u201d.<\/p>\n<p>Destac\u00f3 que \u201ccon la vuelta del Plan Remediar m\u00e1s de 15 millones de personas podr\u00e1n acceder de forma gratuita a sus medicamentos a trav\u00e9s de 8500 centros de atenci\u00f3n primaria. Una muestra m\u00e1s de la clara vocaci\u00f3n del presidente Alberto Fern\u00e1ndez para reducir las desigualdades generando justicia social\u201d.<\/p>\n<p>La ministra de Salud de la provincia, Sonia Vel\u00e1zquez, acompa\u00f1\u00f3 al gobernador y resalt\u00f3 la importancia del programa, \u201cya que se trata de un plan para distribuir medicamentos gratuitos en todos los centros de atenci\u00f3n primaria del pa\u00eds\u201d.<\/p>\n<p>\u201cPor ello celebramos esta decisi\u00f3n pol\u00edtica de nuestro Presidente y de nuestro Ministro de Salud Gin\u00e9s Gonz\u00e1lez Garc\u00eda. El mismo viene a asegurar el acceso de los medicamentos y a reducir las brechas de inequidad de las personas m\u00e1s vulnerables\u201d, sostuvo la ministra.<\/p>\n<p>Adem\u00e1s, Vel\u00e1zquez destac\u00f3 la importancia Remediar es un plan que tiene por finalidad, \u201cgarantizar los medicamentos esenciales es decir aquellos necesarios para cubrir cerca del 90 por ciento de las enfermedades m\u00e1s frecuentes a todas aquellas personas que se atienden en el sector p\u00fablico en el primer nivel de atenci\u00f3n.<\/p>\n<p>En nuestro pa\u00eds. En nuestra provincia el medicamento es considerado un bien social es decir no est\u00e1 regulado por el mercado y debe formar parte del Universo de bienes y prestaciones que el Estado debe regular.<\/p>\n<p>El programa Remediar fue durante 13 a\u00f1os ininterrumpidos uno de los pilares m\u00e1s importante en materia de Salud. Llegar\u00e1 a 8.500 centros de atenci\u00f3n primaria a nivel pa\u00eds. En nuestra provincia alcanzar\u00e1 a m\u00e1s de 300 centros de Salud.<\/p>\n","protected":false},"excerpt":{"rendered":"<p>El gobernador Gustavo Bordet particip\u00f3 este jueves del lanzamiento del Programa Remediar realizado por el presidente de la Naci\u00f3n Alberto Fern\u00e1ndez, junto al ministro de Salud, Gin\u00e9s Gonz\u00e1lez Garc\u00eda, y al jefe de Gabinete, Santiago Cafiero en la Quinta de Olivos &nbsp; &nbsp; Tras la presentaci\u00f3n, el gobernador Gustavo Bordet celebr\u00f3 la vuelta del Plan Remediar, y asegur\u00f3 que \u201cpol\u00edticas como estas significan el acceso de millones de argentinos a un derecho tan b\u00e1sico como es la salud\u201d. Destac\u00f3 que \u201ccon la vuelta del Plan Remediar m\u00e1s de 15 millones&#8230;<\/p>\n","protected":false},"author":3,"featured_media":58052,"comment_status":"closed","ping_status":"closed","sticky":false,"template":"","format":"standard","meta":[],"categories":[15],"tags":[],"_links":{"self":[{"href":"https:\/\/www.actualidadadiario.com\/index.php\/wp-json\/wp\/v2\/posts\/58051"}],"collection":[{"href":"https:\/\/www.actualidadadiario.com\/index.php\/wp-json\/wp\/v2\/posts"}],"about":[{"href":"https:\/\/www.actualidadadiario.com\/index.php\/wp-json\/wp\/v2\/types\/post"}],"author":[{"embeddable":true,"href":"https:\/\/www.actualidadadiario.com\/index.php\/wp-json\/wp\/v2\/users\/3"}],"replies":[{"embeddable":true,"href":"https:\/\/www.actualidadadiario.com\/index.php\/wp-json\/wp\/v2\/comments?post=58051"}],"version-history":[{"count":1,"href":"https:\/\/www.actualidadadiario.com\/index.php\/wp-json\/wp\/v2\/posts\/58051\/revisions"}],"predecessor-version":[{"id":58053,"href":"https:\/\/www.actualidadadiario.com\/index.php\/wp-json\/wp\/v2\/posts\/58051\/revisions\/58053"}],"wp:featuredmedia":[{"embeddable":true,"href":"https:\/\/www.actualidadadiario.com\/index.php\/wp-json\/wp\/v2\/media\/58052"}],"wp:attachment":[{"href":"https:\/\/www.actualidadadiario.com\/index.php\/wp-json\/wp\/v2\/media?parent=58051"}],"wp:term":[{"taxonomy":"category","embeddable":true,"href":"https:\/\/www.actualidadadiario.com\/index.php\/wp-json\/wp\/v2\/categories?post=58051"},{"taxonomy":"post_tag","embeddable":true,"href":"https:\/\/www.actualidadadiario.com\/index.php\/wp-json\/wp\/v2\/tags?post=58051"}],"curies":[{"name":"wp","href":"https:\/\/api.w.org\/{rel}","templated":true}]}}