{"id":58048,"date":"2020-02-21T12:04:58","date_gmt":"2020-02-21T15:04:58","guid":{"rendered":"https:\/\/www.actualidadadiario.com\/?p=58048"},"modified":"2020-02-21T12:04:58","modified_gmt":"2020-02-21T15:04:58","slug":"bordet-encabezo-la-capacitacion-de-las-autoridades-de-los-tres-poderes-del-estado-por-la-ley-micaela","status":"publish","type":"post","link":"https:\/\/www.actualidadadiario.com\/index.php\/2020\/02\/21\/bordet-encabezo-la-capacitacion-de-las-autoridades-de-los-tres-poderes-del-estado-por-la-ley-micaela\/","title":{"rendered":"Bordet encabez\u00f3 la capacitaci\u00f3n de las autoridades de los tres poderes del Estado por la Ley Micaela"},"content":{"rendered":"<p style=\"text-align: center;\"><em><strong>Con la presencia de los padres de Micaela, Andrea Lescano y N\u00e9stor Garc\u00eda, el gobernador Gustavo Bordet encabez\u00f3 la primera capacitaci\u00f3n en el marco de la Ley Micaela junto a la ministra de las Mujeres, G\u00e9neros y Diversidad, Elisabeth G\u00f3mez Alcorta y autoridades de los tres poderes del Estado<\/strong><\/em><\/p>\n<p>&nbsp;<\/p>\n<p>&nbsp;<\/p>\n<p>En ese contexto, Bordet celebr\u00f3 la instancia de capacitaci\u00f3n creada por la Ley Micaela que permite \u201cgenerar en el seno de nuestra sociedad el debate, y esa resistencia necesaria a todo acto de discriminaci\u00f3n y violencia hacia las mujeres\u201d. Estuvo acompa\u00f1ado por la vicegobernadora Laura Stratta, el presidente de la C\u00e1mara de Diputados, \u00c1ngel Giano y el presidente del Superior Tribunal de Justicia, Mart\u00edn Carbonell.<\/p>\n<p>\u201cEn todo el mundo las sociedades cada vez toleran menos los actos de violencia, de discriminaci\u00f3n, que durante generaciones se naturalizaban. Por eso hoy, cuando cumplimos funciones de gobierno, tenemos la obligaci\u00f3n de desterrar esas pr\u00e1cticas&#8221;, afirm\u00f3 el mandatario durante la presentaci\u00f3n llevada a cabo en el Sal\u00f3n Blanco de Casa de Gobierno.<\/p>\n<p>En ese marco, Bordet se comprometi\u00f3 a \u201ctrabajar en conjunto entre todos y todas para poder tener una sociedad m\u00e1s equitativa, m\u00e1s igualitaria, sin discriminaciones; una sociedad donde cada uno pueda tener la elecci\u00f3n sexual que quiera sin por ello ser discriminado; una sociedad que en definitiva nos iguale y nos equipare a todos\u201d.<\/p>\n<p>Ante las m\u00e1ximas autoridades de los tres poderes del Estado, Bordet valor\u00f3 la instancia generada por la Ley Micaela que \u201ces una gran oportunidad\u201d para \u201ccapacitarnos a los funcionarios, pero tambi\u00e9n generar en el seno de nuestra sociedad el debate, y esa resistencia necesaria a todo acto de discriminaci\u00f3n y violencia hacia las mujeres\u201d.<\/p>\n<p>Esta primera jornada de formaci\u00f3n es parte de la Ley Nacional 27.499, llamada Ley Micaela, a la que adhiri\u00f3 la provincia mediante ley 10.768. La norma establece la capacitaci\u00f3n obligatoria para todas las personas que se desempe\u00f1an en la funci\u00f3n p\u00fablica en los tres poderes del Estado. Se llama as\u00ed en conmemoraci\u00f3n de Micaela Garc\u00eda, la joven entrerriana de 21 a\u00f1os v\u00edctima de femicidio.<\/p>\n<p>Ante la presencia de los vocales del Superior Tribunal de Justicia, ministros del gabinete provincial, legisladores nacionales y provinciales, Bordet subray\u00f3 la importancia de la presencia de la ministra de la Naci\u00f3n, G\u00f3mez Alcorta, y record\u00f3 que &#8220;la Legislatura entrerriana trabaj\u00f3 a fines del a\u00f1o pasado para lograr la adhesi\u00f3n a la ley nacional, que fue impulsada por el Poder Ejecutivo, entendiendo que la violencia de g\u00e9nero debe ser erradicada completamente, no s\u00f3lo en el territorio de la provincia de Entre R\u00edos, sino de la naci\u00f3n Argentina\u201d.<\/p>\n<p>El gobernador de la provincia puso de relieve el convencimiento de su gesti\u00f3n en la lucha por la igualdad de g\u00e9nero, y reiter\u00f3 su compromiso para lograr la paridad de g\u00e9nero en el \u00e1mbito de la pol\u00edtica, para lo cual confirm\u00f3 que remitir\u00e1 nuevamente el proyecto de reforma pol\u00edtica a la legislatura.<\/p>\n<p>Por otra parte, rememor\u00f3 el femicidio de Micaela al que calific\u00f3 nuevamente como \u201cel hecho m\u00e1s conmocionante que tuve en estos cuatro a\u00f1os anteriores de gobierno\u201d. Se refiri\u00f3 a la vocaci\u00f3n militante de Micaela y cont\u00f3 que lo retrotrajo a su militancia universitaria en la vuelta de la democracia porque \u201cve\u00eda reflejada esa voluntad de cambio que ten\u00edamos muchos j\u00f3venes\u201d.<\/p>\n<p>&nbsp;<\/p>\n<p><strong>Es la primera vez que est\u00e1n los tres poderes del Estado<\/strong><\/p>\n<p>En ese contexto, la ministra de las Mujeres, G\u00e9neros y Diversidad de la Naci\u00f3n resalt\u00f3 la \u201cdecisi\u00f3n pol\u00edtica\u201d del gobernador Gustavo Bordet en la aplicaci\u00f3n de la Ley y puso de relieve que es la primera vez que est\u00e1n presentes los tres poderes del Estado.<\/p>\n<p>En ese marco, se dirigi\u00f3 a los presentes y se refiri\u00f3 a la responsabilidad primaria de llevar adelante las pol\u00edticas p\u00fablicas, cumplir con la administraci\u00f3n de justicia y legislar para pensar c\u00f3mo se puede vivir en una sociedad m\u00e1s libre de violencia.<\/p>\n<p>\u201cEsta es una responsabilidad ineludible, inclaudicable y estatal primaria. Somos nosotros y nosotras quienes tenemos la responsabilidad de achicar ciertas brechas de desigualdad que est\u00e1n en todos los \u00e1mbitos de nuestras vidas, y cuando digo nuestras vidas, me refiero de las mujeres y las diversidades&#8221;, expres\u00f3 G\u00f3mez Alcorta.<\/p>\n<p>La ministra explic\u00f3 adem\u00e1s que \u201ccuando se cumpli\u00f3 un a\u00f1o de la promulgaci\u00f3n de la Ley y un mes de la nueva gesti\u00f3n de gobierno a nivel nacional, el presidente Alberto Fern\u00e1ndez solicit\u00f3 que la primera persona que ten\u00eda que capacitarse era \u00e9l y todo el gabinete ampliado. As\u00ed fue que ese d\u00eda se comenzaron a revertir varias l\u00f3gicas. Es un mensaje simb\u00f3lico muy potente para todos los funcionarios y funcionarias, y sobre todo para las m\u00e1ximas autoridades del pa\u00eds&#8221;.<\/p>\n<p>&#8220;Cuando pensamos en revertir los \u00f3rdenes de las cosas, es comenzar por quienes tienen mayores niveles de decisi\u00f3n. Es comenzar por quienes deciden, dise\u00f1an y piensan las pol\u00edticas p\u00fablicas&#8221;, agreg\u00f3.<\/p>\n<p>Para eso, \u201cla funci\u00f3n de la capacitaci\u00f3n es pensar que la perspectiva de g\u00e9nero implica ponerse los anteojos para pensar una pol\u00edtica econ\u00f3mica con perspectiva de g\u00e9nero, una pol\u00edtica de h\u00e1bitat, de salud, de educaci\u00f3n, un Poder Judicial, todos con perspectiva de g\u00e9nero. Quienes dise\u00f1an esas pol\u00edticas son las m\u00e1ximas autoridades y por eso es tan importante arrancar estas nuevas gestiones con estas capacitaciones\u201d, subray\u00f3.<\/p>\n<p>Destac\u00f3 luego que la importancia de estas capacitaciones para quienes son m\u00e1ximas autoridades tiene que ver tambi\u00e9n \u201ccon el modo del ejercicio de la funci\u00f3n p\u00fablica, el modo del ejercicio del poder, que hist\u00f3ricamente se ha ejercido en modo masculino\u201d.<\/p>\n<p>Seg\u00fan explic\u00f3 la ministra de la Naci\u00f3n, \u201cen general la vida familiar ha sido un mundo, culturalmente y tambi\u00e9n por elecci\u00f3n, que las mujeres hemos privilegiado. Entonces para las mujeres, compatibilizar la vida p\u00fablica con la vida privada nos implica un continuo equilibrio\u201d. En ese sentido, \u201cel modo en que ejerzamos la funci\u00f3n p\u00fablica tambi\u00e9n va a implicar un modo de promover o no la participaci\u00f3n de las mujeres. El modo en que pensemos la funci\u00f3n p\u00fablica, los tiempos, los horarios, la flexibilidad que nosotras podamos tener, el modo de ejercer\u201d, ejemplific\u00f3.<\/p>\n<p>\u201cHoy estamos viviendo una oportunidad hist\u00f3rica; hay un movimiento en las calles que nos transforma la vida de todos -las que tienen hijos j\u00f3venes lo saben-, que modifica las relaciones familiares, afectivas, pol\u00edticas; estamos las mujeres tambi\u00e9n en una fuerte ebullici\u00f3n. Ese movimiento es el que nos trajo a las mujeres y a las diversidades a ocupar un ministerio a nivel nacional\u201d, dijo.<\/p>\n<p>\u201cPero tambi\u00e9n hay una decisi\u00f3n pol\u00edtica que es la que tuvo el gobernador para que hoy estemos ac\u00e1 y la que tuvieron las m\u00e1ximas autoridades de los poderes para acompa\u00f1ar; y tambi\u00e9n una clara decisi\u00f3n pol\u00edtica del gobierno nacional, del presidente de la Naci\u00f3n, en jerarquizar estas pol\u00edticas y colocarlas a nivel de Ministerio\u201d, expres\u00f3 G\u00f3mez Alcorta.<\/p>\n<p>&nbsp;<\/p>\n<p><strong>Construir una provincia con m\u00e1s inclusi\u00f3n<\/strong><\/p>\n<p>La vicegobernadora Laura Stratta agradeci\u00f3 a la ministra de las Mujeres, G\u00e9neros y Diversidad de la Naci\u00f3n, Elizabeth G\u00f3mez Alcorta, \u201cpor estar hoy ac\u00e1 en el marco de una nutrida agenda que tiene como epicentro esta primera capacitaci\u00f3n en el marco de la Ley Micaela en nuestra provincia. Y quiero tambi\u00e9n poner en valor la decisi\u00f3n del presidente de la Naci\u00f3n, Alberto Fern\u00e1ndez, de crear este Ministerio porque no s\u00f3lo pone estos temas en la agenda p\u00fablica, sino porque adem\u00e1s es la definici\u00f3n de poner las perspectivas de g\u00e9nero y de derechos humanos en la elaboraci\u00f3n y en la ejecuci\u00f3n de las pol\u00edticas p\u00fablicas\u201d.<\/p>\n<p>Asimismo destac\u00f3 la decisi\u00f3n del gobernador Gustavo Bordet, \u201cde acompa\u00f1ar el debate y la sanci\u00f3n de la Ley Micaela en la provincia de Entre R\u00edos, de tener un gabinete con equidad de g\u00e9nero y de promover, en el marco de la reforma pol\u00edtica, la equidad de g\u00e9nero en las c\u00e1maras legislativas, un eslab\u00f3n fundamental para lograr mayor equidad tambi\u00e9n en la pol\u00edtica\u201d.<\/p>\n<p>Stratta hizo una menci\u00f3n especial a los padres de Micaela Garc\u00eda que \u201cfue un ejemplo y nos interpela permanentemente, como tambi\u00e9n el ejemplo de cada uno de ustedes que desde el dolor, pero tambi\u00e9n desde el amor, han transitado este camino, han militado la ley\u201d.<\/p>\n<p>Finalmente destac\u00f3 el encuentro de los tres poderes del Estado participando de la capacitaci\u00f3n: \u201cAdem\u00e1s de cumplir con la ley, esto marca un compromiso, el de poner lo mejor de nosotros para contribuir a construir una provincia con m\u00e1s inclusi\u00f3n, con m\u00e1s equidad, con m\u00e1s empat\u00eda, respeto y solidaridad, que es en definitiva una provincia mejor\u201d.<\/p>\n<p>Tambi\u00e9n participaron en la instancia de capacitaci\u00f3n los ministros de Producci\u00f3n, Juan Jos\u00e9 Bahillo; de Desarrollo Social, Marisa Paira; de Gobierno, Rosario Romero, y de Salud, Sonia Vel\u00e1zquez.<\/p>\n","protected":false},"excerpt":{"rendered":"<p>Con la presencia de los padres de Micaela, Andrea Lescano y N\u00e9stor Garc\u00eda, el gobernador Gustavo Bordet encabez\u00f3 la primera capacitaci\u00f3n en el marco de la Ley Micaela junto a la ministra de las Mujeres, G\u00e9neros y Diversidad, Elisabeth G\u00f3mez Alcorta y autoridades de los tres poderes del Estado &nbsp; &nbsp; En ese contexto, Bordet celebr\u00f3 la instancia de capacitaci\u00f3n creada por la Ley Micaela que permite \u201cgenerar en el seno de nuestra sociedad el debate, y esa resistencia necesaria a todo acto de discriminaci\u00f3n y violencia hacia las mujeres\u201d&#8230;.<\/p>\n","protected":false},"author":3,"featured_media":58049,"comment_status":"closed","ping_status":"closed","sticky":false,"template":"","format":"standard","meta":[],"categories":[9],"tags":[],"_links":{"self":[{"href":"https:\/\/www.actualidadadiario.com\/index.php\/wp-json\/wp\/v2\/posts\/58048"}],"collection":[{"href":"https:\/\/www.actualidadadiario.com\/index.php\/wp-json\/wp\/v2\/posts"}],"about":[{"href":"https:\/\/www.actualidadadiario.com\/index.php\/wp-json\/wp\/v2\/types\/post"}],"author":[{"embeddable":true,"href":"https:\/\/www.actualidadadiario.com\/index.php\/wp-json\/wp\/v2\/users\/3"}],"replies":[{"embeddable":true,"href":"https:\/\/www.actualidadadiario.com\/index.php\/wp-json\/wp\/v2\/comments?post=58048"}],"version-history":[{"count":1,"href":"https:\/\/www.actualidadadiario.com\/index.php\/wp-json\/wp\/v2\/posts\/58048\/revisions"}],"predecessor-version":[{"id":58050,"href":"https:\/\/www.actualidadadiario.com\/index.php\/wp-json\/wp\/v2\/posts\/58048\/revisions\/58050"}],"wp:featuredmedia":[{"embeddable":true,"href":"https:\/\/www.actualidadadiario.com\/index.php\/wp-json\/wp\/v2\/media\/58049"}],"wp:attachment":[{"href":"https:\/\/www.actualidadadiario.com\/index.php\/wp-json\/wp\/v2\/media?parent=58048"}],"wp:term":[{"taxonomy":"category","embeddable":true,"href":"https:\/\/www.actualidadadiario.com\/index.php\/wp-json\/wp\/v2\/categories?post=58048"},{"taxonomy":"post_tag","embeddable":true,"href":"https:\/\/www.actualidadadiario.com\/index.php\/wp-json\/wp\/v2\/tags?post=58048"}],"curies":[{"name":"wp","href":"https:\/\/api.w.org\/{rel}","templated":true}]}}