{"id":58045,"date":"2020-02-21T12:03:49","date_gmt":"2020-02-21T15:03:49","guid":{"rendered":"https:\/\/www.actualidadadiario.com\/?p=58045"},"modified":"2020-02-21T12:03:49","modified_gmt":"2020-02-21T15:03:49","slug":"tras-la-aprobacion-de-su-pliego-como-embajador-urribarri-agradecio-a-alberto-y-a-cfk-por-la-confianza","status":"publish","type":"post","link":"https:\/\/www.actualidadadiario.com\/index.php\/2020\/02\/21\/tras-la-aprobacion-de-su-pliego-como-embajador-urribarri-agradecio-a-alberto-y-a-cfk-por-la-confianza\/","title":{"rendered":"Tras la aprobaci\u00f3n de su pliego como embajador, Urribarri agradeci\u00f3 a Alberto y a CFK \u201cpor la confianza\u201d"},"content":{"rendered":"<p style=\"text-align: center;\"><em><strong>A trav\u00e9s de un posteo de Facebook el exgobernador, Sergio Urribarri, le agradeci\u00f3 al presidente Alberto Fern\u00e1ndez \u201cpor la oportunidad de trabajar para contribuir al desarrollo productivo y la integraci\u00f3n global\u201d tras la aprobaci\u00f3n de su pliego como embajador de Israel. \u201cEstoy absolutamente comprometido con la tarea que tengo por delante\u201d, escribi\u00f3<\/strong><\/em><\/p>\n<p>&nbsp;<\/p>\n<p>Con una mayor\u00eda contundente en la votaci\u00f3n, que result\u00f3 positiva con 43 votos afirmativos y apenas dos negativos, la C\u00e1mara de Senadores aprob\u00f3 este mediod\u00eda el pliego del exgobernador Sergio Urribarri como embajador de la Argentina en Israel.<\/p>\n<p>En ese marco, el exmandatario provincial agradeci\u00f3 a la vicepresidenta Cristina Fern\u00e1ndez de Kirchner por haberlo invitado \u201ca presenciar la sesi\u00f3n de hoy del Honorable Senado de la Naci\u00f3n en la que se trataron y aprobaron los pliegos de los embajadores propuestos\u201d: \u201cY gracias siempre por tu apoyo y generosidad\u201d, mencion\u00f3.<\/p>\n<p>Lo mismo hizo con el presidente de la Naci\u00f3n, Alberto Fern\u00e1ndez, a quien le agradeci\u00f3 \u201cpor la confianza y por la oportunidad de trabajar para contribuir al desarrollo productivo y a la integraci\u00f3n global y plural de la Argentina\u201d, con el canciller Felipe Sol\u00e1 \u201cpor su acompa\u00f1amiento en todo momento\u201d, y a los senadores y senadoras nacionales \u201cpor la amabilidad y responsabilidad con la que llevaron a cabo su labor, y por el reconocimiento hacia mi persona\u201d.<\/p>\n<p>Por \u00faltimo expres\u00f3: \u201cEs un honor inmenso para m\u00ed representar a nuestro pa\u00eds como embajador en Israel. Estoy absolutamente comprometido con la tarea que tengo por delante y voy a poner todo mi esfuerzo y empe\u00f1o para que sea una misi\u00f3n que tenga resultados positivos para todos los argentinos\u201d.<\/p>\n","protected":false},"excerpt":{"rendered":"<p>A trav\u00e9s de un posteo de Facebook el exgobernador, Sergio Urribarri, le agradeci\u00f3 al presidente Alberto Fern\u00e1ndez \u201cpor la oportunidad de trabajar para contribuir al desarrollo productivo y la integraci\u00f3n global\u201d tras la aprobaci\u00f3n de su pliego como embajador de Israel. \u201cEstoy absolutamente comprometido con la tarea que tengo por delante\u201d, escribi\u00f3 &nbsp; Con una mayor\u00eda contundente en la votaci\u00f3n, que result\u00f3 positiva con 43 votos afirmativos y apenas dos negativos, la C\u00e1mara de Senadores aprob\u00f3 este mediod\u00eda el pliego del exgobernador Sergio Urribarri como embajador de la Argentina en&#8230;<\/p>\n","protected":false},"author":3,"featured_media":58046,"comment_status":"closed","ping_status":"closed","sticky":false,"template":"","format":"standard","meta":[],"categories":[9],"tags":[],"_links":{"self":[{"href":"https:\/\/www.actualidadadiario.com\/index.php\/wp-json\/wp\/v2\/posts\/58045"}],"collection":[{"href":"https:\/\/www.actualidadadiario.com\/index.php\/wp-json\/wp\/v2\/posts"}],"about":[{"href":"https:\/\/www.actualidadadiario.com\/index.php\/wp-json\/wp\/v2\/types\/post"}],"author":[{"embeddable":true,"href":"https:\/\/www.actualidadadiario.com\/index.php\/wp-json\/wp\/v2\/users\/3"}],"replies":[{"embeddable":true,"href":"https:\/\/www.actualidadadiario.com\/index.php\/wp-json\/wp\/v2\/comments?post=58045"}],"version-history":[{"count":1,"href":"https:\/\/www.actualidadadiario.com\/index.php\/wp-json\/wp\/v2\/posts\/58045\/revisions"}],"predecessor-version":[{"id":58047,"href":"https:\/\/www.actualidadadiario.com\/index.php\/wp-json\/wp\/v2\/posts\/58045\/revisions\/58047"}],"wp:featuredmedia":[{"embeddable":true,"href":"https:\/\/www.actualidadadiario.com\/index.php\/wp-json\/wp\/v2\/media\/58046"}],"wp:attachment":[{"href":"https:\/\/www.actualidadadiario.com\/index.php\/wp-json\/wp\/v2\/media?parent=58045"}],"wp:term":[{"taxonomy":"category","embeddable":true,"href":"https:\/\/www.actualidadadiario.com\/index.php\/wp-json\/wp\/v2\/categories?post=58045"},{"taxonomy":"post_tag","embeddable":true,"href":"https:\/\/www.actualidadadiario.com\/index.php\/wp-json\/wp\/v2\/tags?post=58045"}],"curies":[{"name":"wp","href":"https:\/\/api.w.org\/{rel}","templated":true}]}}