{"id":58042,"date":"2020-02-20T11:59:39","date_gmt":"2020-02-20T14:59:39","guid":{"rendered":"https:\/\/www.actualidadadiario.com\/?p=58042"},"modified":"2020-02-20T11:59:39","modified_gmt":"2020-02-20T14:59:39","slug":"ministros-de-salud-acuerdan-establecer-una-accion-rapida-contra-el-dengue","status":"publish","type":"post","link":"https:\/\/www.actualidadadiario.com\/index.php\/2020\/02\/20\/ministros-de-salud-acuerdan-establecer-una-accion-rapida-contra-el-dengue\/","title":{"rendered":"Ministros de Salud acuerdan establecer una &#8220;acci\u00f3n r\u00e1pida&#8221; contra el dengue"},"content":{"rendered":"<p style=\"text-align: center;\"><em><strong>El aumento de los casos de dengue en la regi\u00f3n llev\u00f3 a los cuatro representantes a intercambiar propuestas y establecer una &#8220;estrategia global&#8221;, explicaron en una rueda de prensa posterior al encuentro, inform\u00f3 la agencia EFE<\/strong><\/em><\/p>\n<p>&nbsp;<\/p>\n<p>&nbsp;<\/p>\n<p>Los ministros de Salud de Argentina, Brasil y Paraguay y la directora General de Salud de Uruguay, coincidieron este mi\u00e9rcoles, en Asunci\u00f3n, en fortalecer la vigilancia y establecer una &#8220;acci\u00f3n r\u00e1pida&#8221; de combate al dengue, ante la expansi\u00f3n del virus en la regi\u00f3n desde principios de a\u00f1o.<\/p>\n<p>El paraguayo Julio Mazzoleni, el argentino Gin\u00e9s Gonz\u00e1lez Garc\u00eda, el brasile\u00f1o Luiz Henrique Mandetta y la uruguaya Raquel Rosa, que represent\u00f3 al ministro Jorge Basso, participaron en la III Reuni\u00f3n Extraordinaria de Ministros de Salud del Mercosur, en la que, adem\u00e1s del dengue, se abordaron otras enfermedades preocupantes para el bloque, como el sarampi\u00f3n o el coronavirus.<\/p>\n<p>El aumento de los casos de dengue en la regi\u00f3n llev\u00f3 a los cuatro representantes a intercambiar propuestas y establecer una &#8220;estrategia global&#8221;, dijo Mazzoleni en la rueda de prensa posterior al encuentro, inform\u00f3 la agencia Efe.<\/p>\n<p>El ministro paraguayo de Salud habl\u00f3 de fortalecer la vigilancia en los cuatro pa\u00edses y establecer &#8220;una acci\u00f3n r\u00e1pida&#8221; de combate al dengue.<\/p>\n<p>Por su parte, Gonz\u00e1lez Garc\u00eda expres\u00f3 que en Argentina &#8220;preocupa el dengue tanto o m\u00e1s que el coronavirus&#8221;, ya que el mosquito transmisor, el Aedes aegypti, est\u00e1 presente en la regi\u00f3n y se reproduce con facilidad.<\/p>\n<p>&#8220;Estamos trabajando activamente con las estrategias habituales&#8221;, apunt\u00f3 Gonz\u00e1lez Garc\u00eda, y agreg\u00f3 que Argentina est\u00e1 &#8220;en alerta m\u00e1xima&#8221; a causa del dengue.<\/p>\n<p>El ministro argentino comparti\u00f3 con los otros miembros del Mercosur un m\u00e9todo de detecci\u00f3n del dengue en diez minutos, presentado esta semana por un grupo de investigadores de su pa\u00eds, agreg\u00f3 Efe.<\/p>\n<p>Entre las acciones y planteamientos presentados en este encuentro, los representantes de Paraguay, Argentina y Uruguay se mostraron interesados en los avances de Brasil, pa\u00eds que ha adoptado &#8220;un nuevo abordaje sobre el dengue&#8221;, como apunt\u00f3 el ministro Mandetta.<\/p>\n<p>El brasile\u00f1o record\u00f3 que estas epidemias se repiten &#8220;todos los a\u00f1os en mayor o menor escalas&#8221;, por lo que su pa\u00eds avanza en el &#8220;control biol\u00f3gico&#8221; del mosquito y en el desarrollo de una vacuna contra el dengue que se encuentra en &#8220;fase final de investigaci\u00f3n&#8221;.<\/p>\n<p>La Organizaci\u00f3n Panamericana de la Salud (OPS) inform\u00f3 a comienzos de febrero que durante 2019 hubo m\u00e1s de tres millones de casos de dengue y 1.538 defunciones a causa de este virus en el continente americano.<\/p>\n<p>La misma fuente alert\u00f3 de que en las primeras cuatro semanas del 2020 los casos de dengue notificados en continente americano fueron 125.514, con 27 defunciones y 12.891 casos confirmados por laboratorio.<\/p>\n","protected":false},"excerpt":{"rendered":"<p>El aumento de los casos de dengue en la regi\u00f3n llev\u00f3 a los cuatro representantes a intercambiar propuestas y establecer una &#8220;estrategia global&#8221;, explicaron en una rueda de prensa posterior al encuentro, inform\u00f3 la agencia EFE &nbsp; &nbsp; Los ministros de Salud de Argentina, Brasil y Paraguay y la directora General de Salud de Uruguay, coincidieron este mi\u00e9rcoles, en Asunci\u00f3n, en fortalecer la vigilancia y establecer una &#8220;acci\u00f3n r\u00e1pida&#8221; de combate al dengue, ante la expansi\u00f3n del virus en la regi\u00f3n desde principios de a\u00f1o. El paraguayo Julio Mazzoleni, el&#8230;<\/p>\n","protected":false},"author":3,"featured_media":58043,"comment_status":"closed","ping_status":"closed","sticky":false,"template":"","format":"standard","meta":[],"categories":[4],"tags":[],"_links":{"self":[{"href":"https:\/\/www.actualidadadiario.com\/index.php\/wp-json\/wp\/v2\/posts\/58042"}],"collection":[{"href":"https:\/\/www.actualidadadiario.com\/index.php\/wp-json\/wp\/v2\/posts"}],"about":[{"href":"https:\/\/www.actualidadadiario.com\/index.php\/wp-json\/wp\/v2\/types\/post"}],"author":[{"embeddable":true,"href":"https:\/\/www.actualidadadiario.com\/index.php\/wp-json\/wp\/v2\/users\/3"}],"replies":[{"embeddable":true,"href":"https:\/\/www.actualidadadiario.com\/index.php\/wp-json\/wp\/v2\/comments?post=58042"}],"version-history":[{"count":1,"href":"https:\/\/www.actualidadadiario.com\/index.php\/wp-json\/wp\/v2\/posts\/58042\/revisions"}],"predecessor-version":[{"id":58044,"href":"https:\/\/www.actualidadadiario.com\/index.php\/wp-json\/wp\/v2\/posts\/58042\/revisions\/58044"}],"wp:featuredmedia":[{"embeddable":true,"href":"https:\/\/www.actualidadadiario.com\/index.php\/wp-json\/wp\/v2\/media\/58043"}],"wp:attachment":[{"href":"https:\/\/www.actualidadadiario.com\/index.php\/wp-json\/wp\/v2\/media?parent=58042"}],"wp:term":[{"taxonomy":"category","embeddable":true,"href":"https:\/\/www.actualidadadiario.com\/index.php\/wp-json\/wp\/v2\/categories?post=58042"},{"taxonomy":"post_tag","embeddable":true,"href":"https:\/\/www.actualidadadiario.com\/index.php\/wp-json\/wp\/v2\/tags?post=58042"}],"curies":[{"name":"wp","href":"https:\/\/api.w.org\/{rel}","templated":true}]}}