{"id":58025,"date":"2020-02-20T11:54:15","date_gmt":"2020-02-20T14:54:15","guid":{"rendered":"https:\/\/www.actualidadadiario.com\/?p=58025"},"modified":"2020-02-20T11:54:15","modified_gmt":"2020-02-20T14:54:15","slug":"el-gobierno-evalua-como-aplicar-un-aumento-en-las-tarifas","status":"publish","type":"post","link":"https:\/\/www.actualidadadiario.com\/index.php\/2020\/02\/20\/el-gobierno-evalua-como-aplicar-un-aumento-en-las-tarifas\/","title":{"rendered":"El Gobierno eval\u00faa c\u00f3mo aplicar un aumento en las tarifas"},"content":{"rendered":"<p style=\"text-align: center;\"><em><strong>El jefe de Gabinete, Santiago Cafiero, afirm\u00f3 que en junio, cuando se termine de estudiar el nuevo cuadro tarifario, \u201cprobablemente\u201d haya aumentos del valor de los servicios p\u00fablicos, aunque aclar\u00f3 que \u201cser\u00e1 sobre los sectores que lo puedan soportar\u201d<\/strong><\/em><\/p>\n<p>&nbsp;<\/p>\n<p>&nbsp;<\/p>\n<p>En declaraciones a radio Metro, Cafiero se refiri\u00f3 a las tarifas p\u00fablicas al explicar que \u201cen la Ley de Responsabilidad Social y Reactivaci\u00f3n Productiva en el marco de la emergencia, lo que se previ\u00f3 es que durante 180 d\u00edas se realizar\u00e1 una revisi\u00f3n, un estudio del nuevo cuadro tarifario\u201d.<\/p>\n<p>En ese sentido, el jefe de Gabinete aclar\u00f3 que con esa norma \u201cse suspendieron los aumentos de las tarifas desde diciembre hasta junio de este a\u00f1o, pero no es un congelamiento\u201d.<\/p>\n<p>\u201cLo que se est\u00e1 haciendo es un estudio de un nuevo cuadro tarifario que seguir\u00e1 sosteniendo la tarifa social\u201d, agreg\u00f3 el funcionario.<\/p>\n<p>Al ser consultado sobre si despu\u00e9s del mes de junio habr\u00e1 un aumento de las tarifas p\u00fablicas, Cafiero asever\u00f3: \u201cProbablemente s\u00ed, pero ser\u00e1 sobre los sectores que lo puedan soportar porque nosotros hemos cambiado las prioridades de gesti\u00f3n\u201d.<\/p>\n","protected":false},"excerpt":{"rendered":"<p>El jefe de Gabinete, Santiago Cafiero, afirm\u00f3 que en junio, cuando se termine de estudiar el nuevo cuadro tarifario, \u201cprobablemente\u201d haya aumentos del valor de los servicios p\u00fablicos, aunque aclar\u00f3 que \u201cser\u00e1 sobre los sectores que lo puedan soportar\u201d &nbsp; &nbsp; En declaraciones a radio Metro, Cafiero se refiri\u00f3 a las tarifas p\u00fablicas al explicar que \u201cen la Ley de Responsabilidad Social y Reactivaci\u00f3n Productiva en el marco de la emergencia, lo que se previ\u00f3 es que durante 180 d\u00edas se realizar\u00e1 una revisi\u00f3n, un estudio del nuevo cuadro tarifario\u201d&#8230;.<\/p>\n","protected":false},"author":3,"featured_media":58026,"comment_status":"closed","ping_status":"closed","sticky":false,"template":"","format":"standard","meta":[],"categories":[18],"tags":[],"_links":{"self":[{"href":"https:\/\/www.actualidadadiario.com\/index.php\/wp-json\/wp\/v2\/posts\/58025"}],"collection":[{"href":"https:\/\/www.actualidadadiario.com\/index.php\/wp-json\/wp\/v2\/posts"}],"about":[{"href":"https:\/\/www.actualidadadiario.com\/index.php\/wp-json\/wp\/v2\/types\/post"}],"author":[{"embeddable":true,"href":"https:\/\/www.actualidadadiario.com\/index.php\/wp-json\/wp\/v2\/users\/3"}],"replies":[{"embeddable":true,"href":"https:\/\/www.actualidadadiario.com\/index.php\/wp-json\/wp\/v2\/comments?post=58025"}],"version-history":[{"count":1,"href":"https:\/\/www.actualidadadiario.com\/index.php\/wp-json\/wp\/v2\/posts\/58025\/revisions"}],"predecessor-version":[{"id":58027,"href":"https:\/\/www.actualidadadiario.com\/index.php\/wp-json\/wp\/v2\/posts\/58025\/revisions\/58027"}],"wp:featuredmedia":[{"embeddable":true,"href":"https:\/\/www.actualidadadiario.com\/index.php\/wp-json\/wp\/v2\/media\/58026"}],"wp:attachment":[{"href":"https:\/\/www.actualidadadiario.com\/index.php\/wp-json\/wp\/v2\/media?parent=58025"}],"wp:term":[{"taxonomy":"category","embeddable":true,"href":"https:\/\/www.actualidadadiario.com\/index.php\/wp-json\/wp\/v2\/categories?post=58025"},{"taxonomy":"post_tag","embeddable":true,"href":"https:\/\/www.actualidadadiario.com\/index.php\/wp-json\/wp\/v2\/tags?post=58025"}],"curies":[{"name":"wp","href":"https:\/\/api.w.org\/{rel}","templated":true}]}}