{"id":58022,"date":"2020-02-20T11:53:38","date_gmt":"2020-02-20T14:53:38","guid":{"rendered":"https:\/\/www.actualidadadiario.com\/?p=58022"},"modified":"2020-02-20T11:53:38","modified_gmt":"2020-02-20T14:53:38","slug":"comienza-la-paritaria-nacional-docente-y-la-semana-proxima-se-tratara-el-tema-salarial","status":"publish","type":"post","link":"https:\/\/www.actualidadadiario.com\/index.php\/2020\/02\/20\/comienza-la-paritaria-nacional-docente-y-la-semana-proxima-se-tratara-el-tema-salarial\/","title":{"rendered":"Comienza la paritaria nacional docente y la semana pr\u00f3xima se tratar\u00e1 el tema salarial"},"content":{"rendered":"<p style=\"text-align: center;\"><em><strong>Los representantes de los gremios docentes CTERA, UDA, CEA, SADOP y AMET y autoridades del Ministerio de Educaci\u00f3n y del Consejo Federal de Educaci\u00f3n se reunir\u00e1n a las 16 en el Palacio Sarmiento<\/strong><\/em><\/p>\n<p>&nbsp;<\/p>\n<p>&nbsp;<\/p>\n<p>Las reuniones por la paritaria nacional docente comenzar\u00e1n este jueves con la conformaci\u00f3n de una comisi\u00f3n t\u00e9cnica que abordar\u00e1 la agenda educativa y continuar\u00e1n el mi\u00e9rcoles pr\u00f3ximo cuando se tratar\u00e1 la tem\u00e1tica salarial.<\/p>\n<p>Los representantes de los gremios docentes CTERA, UDA, CEA, SADOP y AMET y autoridades del Ministerio de Educaci\u00f3n y del Consejo Federal de Educaci\u00f3n se reunir\u00e1n este jueves a las 16 en el Palacio Sarmiento para acordar temarios y metodolog\u00edas de trabajo en la comisi\u00f3n t\u00e9cnica de pol\u00edticas educativas, se inform\u00f3 oficialmente.<\/p>\n<p>El encuentro abarcar\u00e1 agenda educativa y problemas pedag\u00f3gicos, y ser\u00e1 la primera reuni\u00f3n en el marco de las comisiones t\u00e9cnicas de trabajo consensuadas en la paritaria nacional docente.<\/p>\n<p>&#8220;El an\u00e1lisis del sistema educativo, salud y condiciones de trabajo, el camino para cumplir la Ley de Financiamiento Educativo y la recuperaci\u00f3n de la p\u00e9rdida de inversi\u00f3n sufrida en los \u00faltimos cuatro a\u00f1os son algunos de los aspectos oportunamente tratados y para los cuales se han acordado reuniones t\u00e9cnicas peri\u00f3dicas&#8221;, indic\u00f3 un comunicado de la cartera que encabeza Nicol\u00e1s Trotta.<\/p>\n<p>Por otra parte, el 26 de febrero se convocar\u00e1 a la segunda reuni\u00f3n paritaria conformada por el ministro Trotta, el comit\u00e9 ejecutivo del Consejo Federal de Educaci\u00f3n y los representantes paritarios de los cinco sindicatos docentes con representaci\u00f3n nacional.<\/p>\n<p>En esa reuni\u00f3n se buscar\u00e1 consolidar un acuerdo en torno a la pol\u00edtica salarial que se implementar\u00e1, seg\u00fan se indic\u00f3.<\/p>\n","protected":false},"excerpt":{"rendered":"<p>Los representantes de los gremios docentes CTERA, UDA, CEA, SADOP y AMET y autoridades del Ministerio de Educaci\u00f3n y del Consejo Federal de Educaci\u00f3n se reunir\u00e1n a las 16 en el Palacio Sarmiento &nbsp; &nbsp; Las reuniones por la paritaria nacional docente comenzar\u00e1n este jueves con la conformaci\u00f3n de una comisi\u00f3n t\u00e9cnica que abordar\u00e1 la agenda educativa y continuar\u00e1n el mi\u00e9rcoles pr\u00f3ximo cuando se tratar\u00e1 la tem\u00e1tica salarial. Los representantes de los gremios docentes CTERA, UDA, CEA, SADOP y AMET y autoridades del Ministerio de Educaci\u00f3n y del Consejo Federal&#8230;<\/p>\n","protected":false},"author":3,"featured_media":58023,"comment_status":"closed","ping_status":"closed","sticky":false,"template":"","format":"standard","meta":[],"categories":[18],"tags":[],"_links":{"self":[{"href":"https:\/\/www.actualidadadiario.com\/index.php\/wp-json\/wp\/v2\/posts\/58022"}],"collection":[{"href":"https:\/\/www.actualidadadiario.com\/index.php\/wp-json\/wp\/v2\/posts"}],"about":[{"href":"https:\/\/www.actualidadadiario.com\/index.php\/wp-json\/wp\/v2\/types\/post"}],"author":[{"embeddable":true,"href":"https:\/\/www.actualidadadiario.com\/index.php\/wp-json\/wp\/v2\/users\/3"}],"replies":[{"embeddable":true,"href":"https:\/\/www.actualidadadiario.com\/index.php\/wp-json\/wp\/v2\/comments?post=58022"}],"version-history":[{"count":1,"href":"https:\/\/www.actualidadadiario.com\/index.php\/wp-json\/wp\/v2\/posts\/58022\/revisions"}],"predecessor-version":[{"id":58024,"href":"https:\/\/www.actualidadadiario.com\/index.php\/wp-json\/wp\/v2\/posts\/58022\/revisions\/58024"}],"wp:featuredmedia":[{"embeddable":true,"href":"https:\/\/www.actualidadadiario.com\/index.php\/wp-json\/wp\/v2\/media\/58023"}],"wp:attachment":[{"href":"https:\/\/www.actualidadadiario.com\/index.php\/wp-json\/wp\/v2\/media?parent=58022"}],"wp:term":[{"taxonomy":"category","embeddable":true,"href":"https:\/\/www.actualidadadiario.com\/index.php\/wp-json\/wp\/v2\/categories?post=58022"},{"taxonomy":"post_tag","embeddable":true,"href":"https:\/\/www.actualidadadiario.com\/index.php\/wp-json\/wp\/v2\/tags?post=58022"}],"curies":[{"name":"wp","href":"https:\/\/api.w.org\/{rel}","templated":true}]}}