{"id":58019,"date":"2020-02-20T11:52:59","date_gmt":"2020-02-20T14:52:59","guid":{"rendered":"https:\/\/www.actualidadadiario.com\/?p=58019"},"modified":"2020-02-20T11:52:59","modified_gmt":"2020-02-20T14:52:59","slug":"el-pj-convoco-a-elecciones-internas-para-el-3-de-mayo-y-llamo-a-la-unidad","status":"publish","type":"post","link":"https:\/\/www.actualidadadiario.com\/index.php\/2020\/02\/20\/el-pj-convoco-a-elecciones-internas-para-el-3-de-mayo-y-llamo-a-la-unidad\/","title":{"rendered":"El PJ convoc\u00f3 a elecciones internas para el 3 de mayo y llam\u00f3 a la unidad"},"content":{"rendered":"<p style=\"text-align: center;\"><em><strong>La plana mayor del Consejo nacional del Partido Justicialista (PJ) encabezada por el diputado y presidente de ese espacio, Jos\u00e9 Luis Gioja, se reuni\u00f3 ayer, ocasi\u00f3n en la que se decidi\u00f3 fijar para el 5 de marzo la convocatoria al Congreso partidario, el que tendr\u00e1 lugar en el microestadio de Ferro. Adem\u00e1s se fij\u00f3 el 3 de mayo como fecha de celebraci\u00f3n de las elecciones internas que determinar\u00e1 la nueva conducci\u00f3n de de la principal fuerza pol\u00edtica que integra el Frente de Todos<\/strong><\/em><\/p>\n<p>&nbsp;<\/p>\n<p>A lo largo del encuentro que tuvo lugar en la sede de Matheu 130 y del que participaron entre otros, los ministros Eduardo &#8220;Wado&#8221; de Pedro (Interior), Agust\u00edn Rossi (Defensa), Felipe Sol\u00e1 (Relaciones Exteriores), as\u00ed como los gobernadores Gildo Insfr\u00e1n y Alberto Rodr\u00edguez Sa\u00e1, se decidi\u00f3 darle el apoyo al gobierno bonaerense en la negociaci\u00f3n por la deuda que viene llevando, as\u00ed como a la tarea &#8220;tit\u00e1nica de gobernar&#8221; que vienen &#8220;llevando a cabo Alberto y Cristina&#8221;, y se respaldaron las medidas que vienen aplicando en su gesti\u00f3n.<\/p>\n<p>Tambi\u00e9n se decidi\u00f3 salir a combatir &#8220;las noticias falsas&#8221; que tendr\u00edan como finalidad desgastar la figura del presidente de la naci\u00f3n, el &#8220;llevar adelante una tarea de acompa\u00f1amiento en todos los \u00f3rdenes&#8221;, al tiempo que se ratific\u00f3 la premisa de tener un partido de puertas abiertas, entre otras cuestiones.<\/p>\n<p>&#8220;Fue una buena reuni\u00f3n en la que convocamos a elecciones internas para el 3 de mayo, la idea es trabajar todos juntos por la unidad. Tambi\u00e9n hemos convocado al Congreso para el 5 de marzo en el mini estadio de Ferro, donde vamos a nominar la Junta Electoral que es la que va a tener a cargo todo el proceso eleccionario interno&#8221;, se\u00f1al\u00f3 Gioja.<\/p>\n<p>El titular del peronismo a nivel nacional, dijo adem\u00e1s que &#8220;se decidi\u00f3 invitarlos a Alberto y a Cristina a que vayan al congreso de Ferro, pero no se hizo menci\u00f3n a las posibles candidaturas, si felicitaron al Consejo Partidario por la tarea hecha en estos a\u00f1os y por cumplir cabalmente los cuatro a\u00f1os, tras los cuales y con este cronograma, estar\u00edamos entregando el partido a las nuevas autoridades en tiempo y forma&#8221;.<\/p>\n<p>&#8220;Invitamos a todos los compa\u00f1eros para el 1 de marzo en el Congreso&#8221;, a\u00f1adi\u00f3 al referirse a la movilizaci\u00f3n que har\u00e1 el justicialismo para acompa\u00f1ar el mensaje de Fern\u00e1ndez en la apertura del per\u00edodo de sesiones ordinarias.<\/p>\n<p>Consultado respecto a si buscar\u00e1 renovar su mandato en la conducci\u00f3n partidaria, Gioja sostuvo que eso es un &#8220;detalle y viene a lo \u00faltimo&#8221;, aunque aclar\u00f3 que tambi\u00e9n ser\u00eda &#8220;bueno&#8221; si hubiera otras expresiones que quisieran competir.<\/p>\n<p>Quien no estuvo presente pese a encontrarse en Buenos Aires donde se reuni\u00f3 con Fern\u00e1ndez, fue el gobernador Jorge Capitanich (Chaco) quien no ocupa un cargo partidario, pero si fue el primer dirigente que se mostr\u00f3 dispuesto a dar la pelea por la titularidad de la principal fuerza pol\u00edtica del pa\u00eds.<\/p>\n","protected":false},"excerpt":{"rendered":"<p>La plana mayor del Consejo nacional del Partido Justicialista (PJ) encabezada por el diputado y presidente de ese espacio, Jos\u00e9 Luis Gioja, se reuni\u00f3 ayer, ocasi\u00f3n en la que se decidi\u00f3 fijar para el 5 de marzo la convocatoria al Congreso partidario, el que tendr\u00e1 lugar en el microestadio de Ferro. Adem\u00e1s se fij\u00f3 el 3 de mayo como fecha de celebraci\u00f3n de las elecciones internas que determinar\u00e1 la nueva conducci\u00f3n de de la principal fuerza pol\u00edtica que integra el Frente de Todos &nbsp; A lo largo del encuentro que&#8230;<\/p>\n","protected":false},"author":3,"featured_media":58020,"comment_status":"closed","ping_status":"closed","sticky":false,"template":"","format":"standard","meta":[],"categories":[18],"tags":[],"_links":{"self":[{"href":"https:\/\/www.actualidadadiario.com\/index.php\/wp-json\/wp\/v2\/posts\/58019"}],"collection":[{"href":"https:\/\/www.actualidadadiario.com\/index.php\/wp-json\/wp\/v2\/posts"}],"about":[{"href":"https:\/\/www.actualidadadiario.com\/index.php\/wp-json\/wp\/v2\/types\/post"}],"author":[{"embeddable":true,"href":"https:\/\/www.actualidadadiario.com\/index.php\/wp-json\/wp\/v2\/users\/3"}],"replies":[{"embeddable":true,"href":"https:\/\/www.actualidadadiario.com\/index.php\/wp-json\/wp\/v2\/comments?post=58019"}],"version-history":[{"count":1,"href":"https:\/\/www.actualidadadiario.com\/index.php\/wp-json\/wp\/v2\/posts\/58019\/revisions"}],"predecessor-version":[{"id":58021,"href":"https:\/\/www.actualidadadiario.com\/index.php\/wp-json\/wp\/v2\/posts\/58019\/revisions\/58021"}],"wp:featuredmedia":[{"embeddable":true,"href":"https:\/\/www.actualidadadiario.com\/index.php\/wp-json\/wp\/v2\/media\/58020"}],"wp:attachment":[{"href":"https:\/\/www.actualidadadiario.com\/index.php\/wp-json\/wp\/v2\/media?parent=58019"}],"wp:term":[{"taxonomy":"category","embeddable":true,"href":"https:\/\/www.actualidadadiario.com\/index.php\/wp-json\/wp\/v2\/categories?post=58019"},{"taxonomy":"post_tag","embeddable":true,"href":"https:\/\/www.actualidadadiario.com\/index.php\/wp-json\/wp\/v2\/tags?post=58019"}],"curies":[{"name":"wp","href":"https:\/\/api.w.org\/{rel}","templated":true}]}}