{"id":58016,"date":"2020-02-20T11:52:07","date_gmt":"2020-02-20T14:52:07","guid":{"rendered":"https:\/\/www.actualidadadiario.com\/?p=58016"},"modified":"2020-02-20T11:52:07","modified_gmt":"2020-02-20T14:52:07","slug":"jubilaciones-especiales-el-oficialismo-acepta-discutir-cambios-pero-apura-la-votacion","status":"publish","type":"post","link":"https:\/\/www.actualidadadiario.com\/index.php\/2020\/02\/20\/jubilaciones-especiales-el-oficialismo-acepta-discutir-cambios-pero-apura-la-votacion\/","title":{"rendered":"Jubilaciones especiales: el oficialismo acepta discutir cambios pero apura la votaci\u00f3n"},"content":{"rendered":"<p style=\"text-align: center;\"><em><strong>El oficialismo apura en Diputados el tratamiento del proyecto que reforma las jubilaciones de reg\u00edmenes especiales de funcionarios del Poder Judicial y el Servicio Exterior en medio de las presiones de jueces y fiscales para introducir cambios en el texto de la iniciativa. Si bien en la oposici\u00f3n advirtieron que rechazar\u00e1n una votaci\u00f3n &#8220;expr\u00e9s&#8221;, desde el bloque del Frente de Todos buscar\u00e1n dar media sanci\u00f3n a la ley durante el per\u00edodo de sesiones extraordinarias<\/strong><\/em><\/p>\n<p>&nbsp;<\/p>\n<p>El presidente de la C\u00e1mara baja, Sergio Massa, comenz\u00f3 las primeras conversaciones con algunos sectores de la oposici\u00f3n para informarles que su intenci\u00f3n es discutir el proyecto en comisiones el mi\u00e9rcoles pr\u00f3ximo para llevarlo al recinto al d\u00eda siguiente. Seg\u00fan fuentes de la bancada oficialista, desde la Casa Rosada pidieron aprobar la iniciativa antes del 1 de marzo y dejaron abierta la puerta para realizar modificaciones.<\/p>\n<p>Una de las cuestiones que empuj\u00f3 al oficialismo a apurar los tiempos es que en los \u00faltimos d\u00edas miembros del Consejo de la Magistratura, la Asociaci\u00f3n de Magistrados y la Asociaci\u00f3n de Fiscales y Funcionarios del Ministerio P\u00fablico Fiscal de la Naci\u00f3n (Affun) tomaron contacto con diputados de la oposici\u00f3n para extender los plazos del debate y conseguir cambios en el proyecto. Adem\u00e1s, se alertaron ante las declaraciones del vicepresidente del Consejo de la Magistratura, Ricardo Recondo, sobre que alrededor de 300 magistrados estar\u00edan listos para jubilarse en caso de que se apruebe el proyecto.<\/p>\n<p>&#8220;Estamos trabajando para votar la ley el jueves 27&#8221;, asegur\u00f3 una de las principales espadas del bloque del Frente de Todos. Sin embargo, por el momento, en la oposici\u00f3n s\u00f3lo se mostraron dispuestos a dar el debate en el plenario de comisiones de Presupuesto y Hacienda, y Prevenci\u00f3n y Seguridad Social despu\u00e9s del feriado de carnaval.<\/p>\n<p>Desde el interbloque de Juntos por el Cambio, as\u00ed como tambi\u00e9n en el interbloque de Unidad Federal para el Desarrollo, sostienen que es necesario que a las comisiones acudan representantes del Poder Judicial y ministros y que no se vote de manera &#8220;expr\u00e9s&#8221;.<\/p>\n<p>En una reuni\u00f3n de la mesa de conducci\u00f3n del interbloque que integra PRO, la UCR y la Coalici\u00f3n C\u00edvica-ARI analizaron los pasos a seguir en caso de que desde el oficialismo insistan con votar la ley antes de fin de mes. Seg\u00fan fuentes parlamentarias, el jefe del bloque del radicalismo, Mario Negri, se comunic\u00f3 por la tarde con Massa para solicitarle que no se haga un debate expr\u00e9s. Como respuesta, el presidente de la C\u00e1mara de Diputados le anticip\u00f3 que convocar\u00e1 a un plenario de las comisiones para el mi\u00e9rcoles pr\u00f3ximo.<\/p>\n<p>Desde Juntos por el Cambio pedir\u00e1n a trav\u00e9s de una carta que a las comisiones asistan la ministra de Justicia, Marcela Losardo; al ministro de Trabajo, Claudio Moroni; el secretario de Seguridad Social, Luis Bulit Go\u00f1i; y representantes de la Asociaci\u00f3n de Magistrados, la Affun, y los gremios de Poder Judicial. Adem\u00e1s, requerir\u00e1n un informe actuarial de jueces, fiscales y defensores &#8220;en condiciones de jubilarse y de ser alcanzados ahora por la ley propuesta&#8221;, algo que tambi\u00e9n reclamaron desde el interbloque de Unidad Federal para el Desarrollo.<\/p>\n<p>En el interbloque Federal, que preside Eduardo Bucca, tambi\u00e9n mantuvieron conversaciones con el oficialismo sobre la posibilidad de empezar la discusi\u00f3n por las &#8220;jubilaciones de privilegio&#8221; la semana pr\u00f3xima, sin embargo por ahora no adelantaron si dar\u00e1n quorum.<\/p>\n","protected":false},"excerpt":{"rendered":"<p>El oficialismo apura en Diputados el tratamiento del proyecto que reforma las jubilaciones de reg\u00edmenes especiales de funcionarios del Poder Judicial y el Servicio Exterior en medio de las presiones de jueces y fiscales para introducir cambios en el texto de la iniciativa. Si bien en la oposici\u00f3n advirtieron que rechazar\u00e1n una votaci\u00f3n &#8220;expr\u00e9s&#8221;, desde el bloque del Frente de Todos buscar\u00e1n dar media sanci\u00f3n a la ley durante el per\u00edodo de sesiones extraordinarias &nbsp; El presidente de la C\u00e1mara baja, Sergio Massa, comenz\u00f3 las primeras conversaciones con algunos sectores&#8230;<\/p>\n","protected":false},"author":3,"featured_media":58017,"comment_status":"closed","ping_status":"closed","sticky":false,"template":"","format":"standard","meta":[],"categories":[18],"tags":[],"_links":{"self":[{"href":"https:\/\/www.actualidadadiario.com\/index.php\/wp-json\/wp\/v2\/posts\/58016"}],"collection":[{"href":"https:\/\/www.actualidadadiario.com\/index.php\/wp-json\/wp\/v2\/posts"}],"about":[{"href":"https:\/\/www.actualidadadiario.com\/index.php\/wp-json\/wp\/v2\/types\/post"}],"author":[{"embeddable":true,"href":"https:\/\/www.actualidadadiario.com\/index.php\/wp-json\/wp\/v2\/users\/3"}],"replies":[{"embeddable":true,"href":"https:\/\/www.actualidadadiario.com\/index.php\/wp-json\/wp\/v2\/comments?post=58016"}],"version-history":[{"count":1,"href":"https:\/\/www.actualidadadiario.com\/index.php\/wp-json\/wp\/v2\/posts\/58016\/revisions"}],"predecessor-version":[{"id":58018,"href":"https:\/\/www.actualidadadiario.com\/index.php\/wp-json\/wp\/v2\/posts\/58016\/revisions\/58018"}],"wp:featuredmedia":[{"embeddable":true,"href":"https:\/\/www.actualidadadiario.com\/index.php\/wp-json\/wp\/v2\/media\/58017"}],"wp:attachment":[{"href":"https:\/\/www.actualidadadiario.com\/index.php\/wp-json\/wp\/v2\/media?parent=58016"}],"wp:term":[{"taxonomy":"category","embeddable":true,"href":"https:\/\/www.actualidadadiario.com\/index.php\/wp-json\/wp\/v2\/categories?post=58016"},{"taxonomy":"post_tag","embeddable":true,"href":"https:\/\/www.actualidadadiario.com\/index.php\/wp-json\/wp\/v2\/tags?post=58016"}],"curies":[{"name":"wp","href":"https:\/\/api.w.org\/{rel}","templated":true}]}}