{"id":58008,"date":"2020-02-20T11:49:21","date_gmt":"2020-02-20T14:49:21","guid":{"rendered":"https:\/\/www.actualidadadiario.com\/?p=58008"},"modified":"2020-02-20T11:49:21","modified_gmt":"2020-02-20T14:49:21","slug":"proteccion-de-los-arrepentidos-vuelve-a-la-orbita-del-gobierno","status":"publish","type":"post","link":"https:\/\/www.actualidadadiario.com\/index.php\/2020\/02\/20\/proteccion-de-los-arrepentidos-vuelve-a-la-orbita-del-gobierno\/","title":{"rendered":"Protecci\u00f3n de los arrepentidos vuelve a la \u00f3rbita del Gobierno"},"content":{"rendered":"<p style=\"text-align: center;\"><em><strong>Alberto derog\u00f3 el decreto de Macri que, a d\u00edas de dejar el poder, cre\u00f3 la Agencia Nacional de Protecci\u00f3n a Testigos<\/strong><\/em><\/p>\n<p>&nbsp;<\/p>\n<p>&nbsp;<\/p>\n<p>Alberto Fern\u00e1ndez derog\u00f3 el decreto de Mauricio Macri que cre\u00f3 la Agencia Nacional de Protecci\u00f3n a Testigos e Imputados, firmado a pocos d\u00edas de dejar el poder, y restituy\u00f3 el programa nacional anterior, bajo la \u00f3rbita del Ministerio de Justicia.<\/p>\n<p>A trav\u00e9s de un DNU, el gobierno dio de baja el decreto 795\/2019 que el ex presidente firm\u00f3 a finales de noviembre pasado. Ese texto modificaba la Ley 25.764 y en lugar del Programa Nacional de Protecci\u00f3n a Testigos e Imputados se creaba una Agencia Nacional, un ente aut\u00e1rquico y aut\u00f3nomo del Poder Ejecutivo.<\/p>\n<p>En los considerandos, el Poder Ejecutivo record\u00f3 que la C\u00e1mara Federal de Casaci\u00f3n Penal hab\u00eda expresado &#8220;su preocupaci\u00f3n&#8221; por el decreto 795 firmado por Macri el 28 de noviembre de 2019 &#8220;&#8216;por la compatibilidad de su aplicaci\u00f3n en relaci\u00f3n a las atribuciones constitucionales y legales&#8221; que tiene ese cuerpo.<\/p>\n<p>Por esa disposici\u00f3n del gobierno de Cambiemos, el sistema contemplado en el Programa Nacional de Protecci\u00f3n a Testigos e Imputados, que depend\u00eda directamente del Ministerio de Justicia, hab\u00eda sido transformado en una nueva dependencia, con estatus de agencia y autonom\u00eda funcional del Poder Ejecutivo.<\/p>\n<p>&#8220;Lo que se hizo fue suspender un decreto rid\u00edculo, que establec\u00eda la creaci\u00f3n de una agencia que nunca se hab\u00eda creado&#8221;, afirm\u00f3 el jefe de Gabinete, Santiago Cafiero. &#8220;Ese decreto se hizo entre gallos y medianoches antes de irse, armando una agencia que nunca se conform\u00f3 ni fueron notificadas las partes que ten\u00edan que participar&#8221;, agreg\u00f3.<\/p>\n<p>&#8220;Era una discusi\u00f3n m\u00e1s administrativa de poner en funcionamiento ya el programa, que hab\u00eda quedado ac\u00e9falo. El programa sigue como estaba antes, con la gente capacitada del Ministerio de Justicia&#8221;, indic\u00f3 el jefe de Gabinete a radio Metro.\u00a0 Adem\u00e1s, afirm\u00f3 que lo que hace el programa es &#8220;cumplir \u00f3rdenes judiciales, son determinaciones del Poder Judicial que el Poder Ejecutivo ejecuta&#8221; y agreg\u00f3 que &#8220;no tiene autonom\u00eda propia para decidir qu\u00e9 hacer&#8221;.<\/p>\n<p>La administraci\u00f3n de Fern\u00e1ndez argument\u00f3 que &#8220;de la lectura del mencionado decreto se verifica que, al momento de su dictado, no existieron circunstancias excepcionales en los t\u00e9rminos del art\u00edculo 99 inciso 3 de la Constituci\u00f3n Nacional, que hicieran imposible seguir los tr\u00e1mites ordinarios previstos para la sanci\u00f3n de las leyes y que, por lo tanto, justificaran la adopci\u00f3n de una medida de excepci\u00f3n como es un decreto de necesidad y urgencia&#8221;.<\/p>\n<p>En ese marco, agreg\u00f3 que &#8220;no se observan elementos objetivos que fundamenten las razones de necesidad y urgencia que conllevan el dictado de dicha herramienta constitucional, m\u00e1xime cuando el funcionamiento del Programa Nacional de Protecci\u00f3n a Testigos e Imputados se mantuvo sin variaci\u00f3n durante m\u00e1s de 16 a\u00f1os, hasta d\u00edas antes de la finalizaci\u00f3n del mandato del gobierno anterior&#8221;.<\/p>\n","protected":false},"excerpt":{"rendered":"<p>Alberto derog\u00f3 el decreto de Macri que, a d\u00edas de dejar el poder, cre\u00f3 la Agencia Nacional de Protecci\u00f3n a Testigos &nbsp; &nbsp; Alberto Fern\u00e1ndez derog\u00f3 el decreto de Mauricio Macri que cre\u00f3 la Agencia Nacional de Protecci\u00f3n a Testigos e Imputados, firmado a pocos d\u00edas de dejar el poder, y restituy\u00f3 el programa nacional anterior, bajo la \u00f3rbita del Ministerio de Justicia. A trav\u00e9s de un DNU, el gobierno dio de baja el decreto 795\/2019 que el ex presidente firm\u00f3 a finales de noviembre pasado. Ese texto modificaba la&#8230;<\/p>\n","protected":false},"author":3,"featured_media":58009,"comment_status":"closed","ping_status":"closed","sticky":false,"template":"","format":"standard","meta":[],"categories":[9],"tags":[],"_links":{"self":[{"href":"https:\/\/www.actualidadadiario.com\/index.php\/wp-json\/wp\/v2\/posts\/58008"}],"collection":[{"href":"https:\/\/www.actualidadadiario.com\/index.php\/wp-json\/wp\/v2\/posts"}],"about":[{"href":"https:\/\/www.actualidadadiario.com\/index.php\/wp-json\/wp\/v2\/types\/post"}],"author":[{"embeddable":true,"href":"https:\/\/www.actualidadadiario.com\/index.php\/wp-json\/wp\/v2\/users\/3"}],"replies":[{"embeddable":true,"href":"https:\/\/www.actualidadadiario.com\/index.php\/wp-json\/wp\/v2\/comments?post=58008"}],"version-history":[{"count":1,"href":"https:\/\/www.actualidadadiario.com\/index.php\/wp-json\/wp\/v2\/posts\/58008\/revisions"}],"predecessor-version":[{"id":58010,"href":"https:\/\/www.actualidadadiario.com\/index.php\/wp-json\/wp\/v2\/posts\/58008\/revisions\/58010"}],"wp:featuredmedia":[{"embeddable":true,"href":"https:\/\/www.actualidadadiario.com\/index.php\/wp-json\/wp\/v2\/media\/58009"}],"wp:attachment":[{"href":"https:\/\/www.actualidadadiario.com\/index.php\/wp-json\/wp\/v2\/media?parent=58008"}],"wp:term":[{"taxonomy":"category","embeddable":true,"href":"https:\/\/www.actualidadadiario.com\/index.php\/wp-json\/wp\/v2\/categories?post=58008"},{"taxonomy":"post_tag","embeddable":true,"href":"https:\/\/www.actualidadadiario.com\/index.php\/wp-json\/wp\/v2\/tags?post=58008"}],"curies":[{"name":"wp","href":"https:\/\/api.w.org\/{rel}","templated":true}]}}