{"id":58005,"date":"2020-02-20T11:48:37","date_gmt":"2020-02-20T14:48:37","guid":{"rendered":"https:\/\/www.actualidadadiario.com\/?p=58005"},"modified":"2020-02-20T11:48:37","modified_gmt":"2020-02-20T14:48:37","slug":"alberto-fernandez-celebro-que-el-fmi-reconozca-la-posicion-argentina","status":"publish","type":"post","link":"https:\/\/www.actualidadadiario.com\/index.php\/2020\/02\/20\/alberto-fernandez-celebro-que-el-fmi-reconozca-la-posicion-argentina\/","title":{"rendered":"Alberto Fern\u00e1ndez: &#8220;Celebro que el FMI reconozca la posici\u00f3n argentina&#8221;"},"content":{"rendered":"<p style=\"text-align: center;\"><em><strong>El Gobierno expres\u00f3 su satisfacci\u00f3n por el documento de la misi\u00f3n del Fondo despu\u00e9s de su visita a la Argentina. Guzm\u00e1n remarc\u00f3 el di\u00e1logo con los enviados del organismo<\/strong><\/em><\/p>\n<p>&nbsp;<\/p>\n<p>&nbsp;<\/p>\n<p>&#8220;Celebro que el FMI reconozca la posici\u00f3n argentina respecto de los procesos de endeudamiento&#8221;, escribi\u00f3 anoche el presidente Alberto Fern\u00e1ndez luego de la difusi\u00f3n del documento del organismo financiero internacional en donde se hizo eco de la posici\u00f3n del Gobierno acerca de que el pago de la deuda, as\u00ed como est\u00e1 planteado, no es sostenible. &#8220;Si todas las partes demuestran voluntad de acordar, podremos volver a crecer, honraremos nuestros compromisos y volveremos a tener una Argentina de pie&#8221;, plante\u00f3 el Presidente a poco de que su helic\u00f3ptero aterrizar en Olivos en el ep\u00edlogo de una jornada marcada por la expectativa acerca de lo que suced\u00eda en Washington. El documento, del que en el Gobierno ten\u00edan buena informaci\u00f3n previa acerca de su contenido, fue festejado como el primer paso deseado en el complicado proceso de renegociaci\u00f3n. Eso s\u00ed, sin abandonar la prudencia. &#8220;Esto reci\u00e9n empieza&#8221;, repet\u00edan.<\/p>\n<p>El ministro de Hacienda, Mart\u00edn Guzm\u00e1n, que se llevaba buena parte de los elogios del entorno presidencial, se sum\u00f3 luego a las reacciones en Twitter. &#8220;Los encuentros que concretamos con la misi\u00f3n del FMI han aportado gran valor al di\u00e1logo&#8221;, expres\u00f3 respecto al trabajo de los enviados del organismo, Julie Kozack y Luis Cubeddu, que justamente terminaron su labor ayer. &#8220;Hallamos un punto de acuerdo en que la deuda p\u00fablica de Argentina es insostenible y debe ser reestructurada para que el pa\u00eds pueda volver a crecer con inclusi\u00f3n social&#8221;, complet\u00f3 Guzm\u00e1n, por lo general poco dado a las declaraciones en las redes. La oportunidad lo ameritaba.<\/p>\n<p>Desde el martes, funcionarios del Gobierno aconsejaban &#8220;estar atentos&#8221; a lo que sucediera esta semana en el Fondo, donde estaba previsto que se reuniera su directorio. Con todo, se cuidaban de generar expectativas que luego pudiera quedar defraudadas. Pero s\u00ed advert\u00edan que hab\u00eda buenas se\u00f1ales que hac\u00edan pensar en una declaraci\u00f3n favorable, acorde a la posici\u00f3n que viene proponiendo Fern\u00e1ndez desde que asumi\u00f3, acerca de la necesidad de esperar a que la econom\u00eda crezca para cumplir con las obligaciones.<\/p>\n<p>Por cierto, desde entonces Alberto Fern\u00e1ndez recibi\u00f3 por lo general muy buenas se\u00f1ales. Desde su primer viaje al exterior en Israel, al que le sigui\u00f3 de inmediato una exitosa gira europea, con encuentros importantes con la canciller alemana Angela Merkel y presidente franc\u00e9s Emmanuel Macron. En todos los casos, el Presidente expuso sus necesidades y los mandatarios europeos le dieron su total aprobaci\u00f3n. Si hubo alg\u00fan planteo fue sobre otras cuestiones -por ejemplo, incumplimentos argentinos en el CIADI- pero no sobre la deuda.<\/p>\n<p>Otra se\u00f1al contundente la dio el presidente de Estados Unidos, Donald Trump, una voz decisiva en el FMI, quien luego de recibir una sugerencia de parte del premier israel\u00ed Benjamin Netanyahu adelant\u00f3 la ceremonia de recepci\u00f3n de las cartas credenciales al embajador Jorge Arg\u00fcello y le transmiti\u00f3 su predisposici\u00f3n a colaborar con el presidente Fern\u00e1ndez en lo que requiriera. Arg\u00fcello ven\u00eda trabajando ya desde antes en el di\u00e1logo con las segundas l\u00edneas de los funcionarios del Departamento de Estado y de los organismos financieros con asiento en Washington y tambi\u00e9n fue importante para la resoluci\u00f3n de ayer.<\/p>\n<p>La presencia de la titular del FMI, Kristalina Georgieva, en un encuentro sobre econom\u00eda organizado por el papa Francisco en Roma, compartiendo panel y algunos conceptos con Guzm\u00e1n, hac\u00edan prever un cambio de actitud en el organismo. Georgieva parecer\u00eda encarnar la tan mentada &#8220;humanizaci\u00f3n&#8221; del organismo financiero, de la que varias veces se habl\u00f3 pero nunca se comprob\u00f3. Escribi\u00f3 esta semana una editorial en el Financial Times reconociendo que las recetas ortodoxas que el Fondo exigi\u00f3 invariablemente implementar a lo largo de su historia tal vez no hayan sean buenas para las econom\u00edas emergentes. Mejor tard\u00edsimo que nunca.<\/p>\n<p>Muchas se\u00f1ales en una misma direcci\u00f3n, que se completaron con el arribo de la misi\u00f3n de Kozack y Cubeddu. En un gesto at\u00edpico, no s\u00f3lo quisieron encontrarse con los responsables de las \u00e1reas econ\u00f3micas y productivas, sino que fueron a ver al ministro de Desarrollo Social, Daniel Arroyo, y al de Salud, Gin\u00e9s Gonz\u00e1lez Garc\u00eda, para interiorizarse sobre la delicada situal social y sanitaria que atraviesa el pa\u00eds como consecuencia del desastre que dej\u00f3 el modelo macrista. Tambi\u00e9n, aseguraban en Gobierno, comparten una mirada acerca de lo pernicioso que resultan los fondos especulativos, que ahora empiezan su trabajo en busca de sacar r\u00e9dito de la nueva crisis.<\/p>\n<p>Kozack, n\u00famero dos del Fondo para la regi\u00f3n, vol\u00f3 hacia Washington el martes para llevar sus conclusiones al encuentro del directorio. En el Gobierno ten\u00edan informaci\u00f3n de que sus planteos ser\u00edan atendidos pero prefer\u00edan la cautela. Ayer, Guzm\u00e1n entr\u00f3 a la Casa Rosada pasadas las 15, cuando Fern\u00e1ndez todav\u00eda se encontraba con el gobernador Axel Kicillof, con la confirmaci\u00f3n de que todo hab\u00eda salido de acuerdo a lo imaginado. Hubo celebraci\u00f3n \u00edntima pero tambi\u00e9n la idea de que es el inicio de un largo camino.<\/p>\n","protected":false},"excerpt":{"rendered":"<p>El Gobierno expres\u00f3 su satisfacci\u00f3n por el documento de la misi\u00f3n del Fondo despu\u00e9s de su visita a la Argentina. Guzm\u00e1n remarc\u00f3 el di\u00e1logo con los enviados del organismo &nbsp; &nbsp; &#8220;Celebro que el FMI reconozca la posici\u00f3n argentina respecto de los procesos de endeudamiento&#8221;, escribi\u00f3 anoche el presidente Alberto Fern\u00e1ndez luego de la difusi\u00f3n del documento del organismo financiero internacional en donde se hizo eco de la posici\u00f3n del Gobierno acerca de que el pago de la deuda, as\u00ed como est\u00e1 planteado, no es sostenible. &#8220;Si todas las partes&#8230;<\/p>\n","protected":false},"author":3,"featured_media":58006,"comment_status":"closed","ping_status":"closed","sticky":false,"template":"","format":"standard","meta":[],"categories":[9],"tags":[],"_links":{"self":[{"href":"https:\/\/www.actualidadadiario.com\/index.php\/wp-json\/wp\/v2\/posts\/58005"}],"collection":[{"href":"https:\/\/www.actualidadadiario.com\/index.php\/wp-json\/wp\/v2\/posts"}],"about":[{"href":"https:\/\/www.actualidadadiario.com\/index.php\/wp-json\/wp\/v2\/types\/post"}],"author":[{"embeddable":true,"href":"https:\/\/www.actualidadadiario.com\/index.php\/wp-json\/wp\/v2\/users\/3"}],"replies":[{"embeddable":true,"href":"https:\/\/www.actualidadadiario.com\/index.php\/wp-json\/wp\/v2\/comments?post=58005"}],"version-history":[{"count":1,"href":"https:\/\/www.actualidadadiario.com\/index.php\/wp-json\/wp\/v2\/posts\/58005\/revisions"}],"predecessor-version":[{"id":58007,"href":"https:\/\/www.actualidadadiario.com\/index.php\/wp-json\/wp\/v2\/posts\/58005\/revisions\/58007"}],"wp:featuredmedia":[{"embeddable":true,"href":"https:\/\/www.actualidadadiario.com\/index.php\/wp-json\/wp\/v2\/media\/58006"}],"wp:attachment":[{"href":"https:\/\/www.actualidadadiario.com\/index.php\/wp-json\/wp\/v2\/media?parent=58005"}],"wp:term":[{"taxonomy":"category","embeddable":true,"href":"https:\/\/www.actualidadadiario.com\/index.php\/wp-json\/wp\/v2\/categories?post=58005"},{"taxonomy":"post_tag","embeddable":true,"href":"https:\/\/www.actualidadadiario.com\/index.php\/wp-json\/wp\/v2\/tags?post=58005"}],"curies":[{"name":"wp","href":"https:\/\/api.w.org\/{rel}","templated":true}]}}