{"id":58000,"date":"2020-02-20T11:47:04","date_gmt":"2020-02-20T14:47:04","guid":{"rendered":"https:\/\/www.actualidadadiario.com\/?p=58000"},"modified":"2020-02-20T11:47:04","modified_gmt":"2020-02-20T14:47:04","slug":"nacion-baja-el-pulgar-a-refinanciarle-vencimientos-de-deuda-a-provincias","status":"publish","type":"post","link":"https:\/\/www.actualidadadiario.com\/index.php\/2020\/02\/20\/nacion-baja-el-pulgar-a-refinanciarle-vencimientos-de-deuda-a-provincias\/","title":{"rendered":"Naci\u00f3n baja el pulgar a refinanciarle vencimientos de deuda a provincias"},"content":{"rendered":"<p style=\"text-align: center;\"><em><strong>Los mandatarios pretenden renegociar pagos al Fondo de Garant\u00eda de Sustentabilidad de la Anses. Sin embargo, el Gobierno no planea ceder recursos. Adenda al Pacto Fiscal, aumento de coparticipaci\u00f3n y perd\u00f3n previo sobre Fondo Fiduciario, entre los argumentos nacionales<\/strong><\/em><\/p>\n<p>&nbsp;<\/p>\n<p>&nbsp;<\/p>\n<p>En las reuniones de los gobernadores con autoridades nacionales de las \u00faltimas semanas hubo un pedido recurrente: la refinanciaci\u00f3n de la deuda que los distritos tienen con el Fondo de Garant\u00eda Sustentable (FGS) de la Anses, unos $120.000 millones de stock total. Sin embargo, en el Gobierno no ven con buenos ojos habilitar esos recursos nacionales en tiempos donde los recursos escasean.<\/p>\n<p>En paralelo a esas gestiones, los ministros de Econom\u00eda de las provincias tienen cita este jueves en Buenos Aires para participar de una reuni\u00f3n de la Comisi\u00f3n Federal de Impuestos (CFI), que se celebrar\u00e1 a las 12.30.<\/p>\n<p>La agenda formal no tocar\u00e1 esos temas. Hay en la minuta tanto cuestiones tanto t\u00e9cnicas como institucionales. En lo t\u00e9cnico, seg\u00fan mencionaron desde una provincia, habr\u00e1 un planteo para resolver un vac\u00edo legal que les desprotege \u201cel uso de fondos nacionales para financiamiento educativo\u201d. En lo institucional, se avanzar\u00e1 en la renovaci\u00f3n de autoridades del organismo.<\/p>\n<p>La CFI estaba presidida por el chaque\u00f1o Cristian Ocampo, quien fuera titular de la cartera econ\u00f3mica del exgobernador Domingo Peppo. Y desde las provincias apuntan que el actual vice de la CFI, el entrerriano Hugo Ballay, avanzar\u00eda un casillero.<\/p>\n<p>Si bien esa Comisi\u00f3n se limita a discutir temas impositivos, tambi\u00e9n suele ser caja de resonancia de reclamos conjuntos. En ese sentido, los enviados de los gobernadores aprovechar\u00e1n que en las reuniones de la CFI siempre hay un representante nacional.<\/p>\n<p>Por eso, m\u00e1s all\u00e1 de los aspectos formales, en los pasillos del encuentro sobrevolar\u00e1 el pedido que viene siendo planteado por los mandatarios en cada tour por despachos nacionales, de forma individual, como es la refinanciaci\u00f3n de las deudas de las provincias con Naci\u00f3n, el grueso acumulada en el FGS de la Anses. Pero todo indica que la respuesta ser\u00e1 negativa.<\/p>\n<p>\u201cEn 2019 las provincias recibieron de coparticipaci\u00f3n m\u00e1s del 50% de los recursos totales. Ese porcentaje viene creciendo todos los a\u00f1os. Las provincias deber\u00edan estar mejor y est\u00e1n peor\u201d, dijeron desde Naci\u00f3n.<\/p>\n<p>Antes, el propio director ejecutivo de la Anses, Alejandro Vanoli, hab\u00eda bajado el pulgar a la refinanciaci\u00f3n de las provincias. \u201cRenegociar forzosamente la deuda de las provincias con Anses en pesos al 6%, implicar\u00eda un grave perjuicio contra el patrimonio del FGS\u201d, dijo el funcionario d\u00edas atr\u00e1s. Y remarc\u00f3 que \u201chay que cuidar el patrimonio y preservar los fondos p\u00fablicos, porque es el dinero que sirve para financiar la econom\u00eda real y pagar buenas jubilaciones\u201d. Una estocada en pleno debate por la sustentabilidad del r\u00e9gimen previsional.<\/p>\n<p>Pero los argumentos del Gobierno van m\u00e1s all\u00e1 de los jubilados. Y tienen la l\u00f3gica de la manta corta: se tapa la cabeza o los pies. En ese sentido, en Naci\u00f3n tienen claro que los recursos no s\u00f3lo no sobran, sino que faltan. Y recordar\u00e1n que la adenda al Pacto Fiscal a inicios de gesti\u00f3n de Alberto Fern\u00e1ndez les permitir\u00e1 a los gobernadores contar con $60.000 millones extra, gracias a la posibilidad de incluso aumentar impuestos locales, como Ingresos Brutos.<\/p>\n<p>Tambi\u00e9n se pondr\u00e1 sobre la mesa que las provincias lograron refinanciar los pagos del Fondo Fiduciario de Desarrollo Provincial. El \u00faltimo mandatario en firmar ese reperfilamiento fue el salte\u00f1o Gustavo S\u00e1enz, por $1.500 millones, la semana pasada en el Ministerio del Interior junto a la secretaria de Relaciones con las Provincias, Silvina Batakis.<\/p>\n<p>En esa l\u00ednea, aparecen los subsidios al transporte que se concedieron recientemente v\u00eda gestiones con el ministro Mario Meoni, tras otro reclamo grupal de las provincias.<\/p>\n","protected":false},"excerpt":{"rendered":"<p>Los mandatarios pretenden renegociar pagos al Fondo de Garant\u00eda de Sustentabilidad de la Anses. Sin embargo, el Gobierno no planea ceder recursos. Adenda al Pacto Fiscal, aumento de coparticipaci\u00f3n y perd\u00f3n previo sobre Fondo Fiduciario, entre los argumentos nacionales &nbsp; &nbsp; En las reuniones de los gobernadores con autoridades nacionales de las \u00faltimas semanas hubo un pedido recurrente: la refinanciaci\u00f3n de la deuda que los distritos tienen con el Fondo de Garant\u00eda Sustentable (FGS) de la Anses, unos $120.000 millones de stock total. Sin embargo, en el Gobierno no ven&#8230;<\/p>\n","protected":false},"author":3,"featured_media":58001,"comment_status":"closed","ping_status":"closed","sticky":false,"template":"","format":"standard","meta":[],"categories":[2],"tags":[],"_links":{"self":[{"href":"https:\/\/www.actualidadadiario.com\/index.php\/wp-json\/wp\/v2\/posts\/58000"}],"collection":[{"href":"https:\/\/www.actualidadadiario.com\/index.php\/wp-json\/wp\/v2\/posts"}],"about":[{"href":"https:\/\/www.actualidadadiario.com\/index.php\/wp-json\/wp\/v2\/types\/post"}],"author":[{"embeddable":true,"href":"https:\/\/www.actualidadadiario.com\/index.php\/wp-json\/wp\/v2\/users\/3"}],"replies":[{"embeddable":true,"href":"https:\/\/www.actualidadadiario.com\/index.php\/wp-json\/wp\/v2\/comments?post=58000"}],"version-history":[{"count":1,"href":"https:\/\/www.actualidadadiario.com\/index.php\/wp-json\/wp\/v2\/posts\/58000\/revisions"}],"predecessor-version":[{"id":58002,"href":"https:\/\/www.actualidadadiario.com\/index.php\/wp-json\/wp\/v2\/posts\/58000\/revisions\/58002"}],"wp:featuredmedia":[{"embeddable":true,"href":"https:\/\/www.actualidadadiario.com\/index.php\/wp-json\/wp\/v2\/media\/58001"}],"wp:attachment":[{"href":"https:\/\/www.actualidadadiario.com\/index.php\/wp-json\/wp\/v2\/media?parent=58000"}],"wp:term":[{"taxonomy":"category","embeddable":true,"href":"https:\/\/www.actualidadadiario.com\/index.php\/wp-json\/wp\/v2\/categories?post=58000"},{"taxonomy":"post_tag","embeddable":true,"href":"https:\/\/www.actualidadadiario.com\/index.php\/wp-json\/wp\/v2\/tags?post=58000"}],"curies":[{"name":"wp","href":"https:\/\/api.w.org\/{rel}","templated":true}]}}