{"id":57998,"date":"2020-02-20T11:46:20","date_gmt":"2020-02-20T14:46:20","guid":{"rendered":"https:\/\/www.actualidadadiario.com\/?p=57998"},"modified":"2020-02-20T11:46:20","modified_gmt":"2020-02-20T14:46:20","slug":"desaceleraron-fuerte-los-precios-mayoristas-y-anticipan-menos-inflacion-para-febrero","status":"publish","type":"post","link":"https:\/\/www.actualidadadiario.com\/index.php\/2020\/02\/20\/desaceleraron-fuerte-los-precios-mayoristas-y-anticipan-menos-inflacion-para-febrero\/","title":{"rendered":"Desaceleraron fuerte los precios mayoristas y anticipan menos inflaci\u00f3n para febrero"},"content":{"rendered":"<p style=\"text-align: center;\"><em><strong>Tuvieron una suba de 1,5%, contra el 3,7% que dio diciembre, el 5,4% de noviembre y el 3,6% que cant\u00f3 octubre<\/strong><\/em><\/p>\n<p>&nbsp;<\/p>\n<p>El \u00edndice de precios mayoristas experiment\u00f3 una suba de 1,5% en enero, una fuerte desaceleraci\u00f3n respecto de los meses precedentes, lo que anticipa la posibilidad de que la senda descendente de la inflaci\u00f3n, evidenciada en enero, contin\u00fae en febrero, ya que lo habitual es que un fen\u00f3meno sea premonitorio del otro.<\/p>\n<p>En ese sentido, ayer un informe de Ecolatina anticip\u00f3 para febrero una nueva desaceleraci\u00f3n de la inflaci\u00f3n, que seg\u00fan la consultora se ubicar\u00eda en el 2%.<\/p>\n<p>Seg\u00fan el Indec, el aumento se explica como consecuencia de la suba de 1,6% en los \u201cProductos nacionales\u201d y de 0,1% en los \u201cProductos importados\u201d.<\/p>\n<p>El 1,5% de enero es significativamente menor a la suba de 3,7% que dio diciembre de 2019, al aumento de 5,4% de noviembre y del 3,6% que cant\u00f3 octubre, meses que ya supusieron una desaceleraci\u00f3n respecto de, por ejemplo, agosto del a\u00f1o pasado, cuando el \u00edndice, muy sensible a los saltos devaluatorios, se expandi\u00f3 11,2%.<\/p>\n<p>Seg\u00fan Hern\u00e1n Letcher, director del Centro de Econom\u00eda Pol\u00edtica Argentina (CEPA), \u201caunque uno no puede deducir directamente cu\u00e1nto ser\u00e1 la inflaci\u00f3n de febrero a partir del \u00edndice mayorista de febrero, s\u00ed puede interpretarse que no hay presiones inflacionarias en la generaci\u00f3n de costos de producci\u00f3n\u201d.<\/p>\n<p>Letcher hizo foco, en el desagregado de rubros del IPIM de enero, en el \u201c1,1% de suba de alimentos\u201d, un dato auspicioso en el contexto de que, en el dato minorista de enero, que mostr\u00f3 una desaceleraci\u00f3n, ese rubro, sin embargo, vio un salto de 5,6%.<\/p>\n<p>\u201cAunque nos estamos en condiciones de anticipar cu\u00e1l va a ser la inflaci\u00f3n de todo el a\u00f1o, prevemos que el 2020, en materia inflacionaria, se puede dividir en tres etapas: en enero y febrero, veremos probablemente una inflaci\u00f3n relativamente baja, como consecuencia de que se continuar\u00e1 con los congelamientos; de que alimentos y turismo bajar\u00edan y que, aunque el d\u00f3lar muestra cierta presi\u00f3n al alza, no es significativa. De marzo a mayo, tenemos que ver si el Gobierno decide abordar algunos de los congelamientos, como tarifas, medicamentos, transporte y naftas, aunque no lo creo y est\u00e1 la cuesti\u00f3n paritaria que, aunque no consideramos a los salarios como inflacionarios, en un contexto de puja distributiva, puede haber presiones al alza en los precios para sostener niveles de rentabilidad. El tercer per\u00edodo, es el que va de junio en adelante, donde vendr\u00e1n las discusiones m\u00e1s estructurales, en el sentido de que se defina, por ejemplo, cu\u00e1l ser\u00e1 la curva para el descongelamiento de regulados, o la pol\u00edtica energ\u00e9tica en t\u00e9rminos m\u00e1s generales, entre otros\u201d, detall\u00f3 Letcher.<\/p>\n<p>Por su parte, el economista Pablo Kornblum incorpor\u00f3, al an\u00e1lisis del comportamiento de los precios mayoristas, el factor pol\u00edtico: \u201cHay que tener en cuenta que los fuertes aumentos de los mayoristas el a\u00f1o pasado ten\u00edan que ver, entre otras cosas, con la situaci\u00f3n de un gobierno que estaba d\u00e9bil y que, por lo tanto, hab\u00eda perdido capacidad de negociar con los formadores de precios. En cambio ahora, el nuevo gobierno, con respaldo popular, tiene otra capacidad de negociar y eventualmente imponer controles\u201d.<\/p>\n<p>Seg\u00fan Kornblum, otro punto a destacar en lo que hace a su impacto en los precios mayoristas son \u201clas pol\u00edticas de incremento del consumo que lleva adelante la actual gesti\u00f3n, a partir de las cuales la ganancia de, por ejemplo, comerciantes y pymes, empieza a provenir de las cantidades vendidas y menos del aumento de los precios\u201d.<\/p>\n<p>\u201cHay que considerar un tercer elemento, que es un mix de estacionalidad y expectativas: el verano suele manifestar una tendencia a la baja de mayoristas, que en este caso particular se combina con las expectativas de muchos empresarios, cifradas en que la econom\u00eda arranque en marzo. Por lo tanto, prefieren no recargar los precios para morder m\u00e1s porciones del mercado ante la previsi\u00f3n de un crecimiento\u201d.<\/p>\n","protected":false},"excerpt":{"rendered":"<p>Tuvieron una suba de 1,5%, contra el 3,7% que dio diciembre, el 5,4% de noviembre y el 3,6% que cant\u00f3 octubre &nbsp; El \u00edndice de precios mayoristas experiment\u00f3 una suba de 1,5% en enero, una fuerte desaceleraci\u00f3n respecto de los meses precedentes, lo que anticipa la posibilidad de que la senda descendente de la inflaci\u00f3n, evidenciada en enero, contin\u00fae en febrero, ya que lo habitual es que un fen\u00f3meno sea premonitorio del otro. En ese sentido, ayer un informe de Ecolatina anticip\u00f3 para febrero una nueva desaceleraci\u00f3n de la inflaci\u00f3n,&#8230;<\/p>\n","protected":false},"author":3,"featured_media":56226,"comment_status":"closed","ping_status":"closed","sticky":false,"template":"","format":"standard","meta":[],"categories":[2],"tags":[],"_links":{"self":[{"href":"https:\/\/www.actualidadadiario.com\/index.php\/wp-json\/wp\/v2\/posts\/57998"}],"collection":[{"href":"https:\/\/www.actualidadadiario.com\/index.php\/wp-json\/wp\/v2\/posts"}],"about":[{"href":"https:\/\/www.actualidadadiario.com\/index.php\/wp-json\/wp\/v2\/types\/post"}],"author":[{"embeddable":true,"href":"https:\/\/www.actualidadadiario.com\/index.php\/wp-json\/wp\/v2\/users\/3"}],"replies":[{"embeddable":true,"href":"https:\/\/www.actualidadadiario.com\/index.php\/wp-json\/wp\/v2\/comments?post=57998"}],"version-history":[{"count":1,"href":"https:\/\/www.actualidadadiario.com\/index.php\/wp-json\/wp\/v2\/posts\/57998\/revisions"}],"predecessor-version":[{"id":57999,"href":"https:\/\/www.actualidadadiario.com\/index.php\/wp-json\/wp\/v2\/posts\/57998\/revisions\/57999"}],"wp:featuredmedia":[{"embeddable":true,"href":"https:\/\/www.actualidadadiario.com\/index.php\/wp-json\/wp\/v2\/media\/56226"}],"wp:attachment":[{"href":"https:\/\/www.actualidadadiario.com\/index.php\/wp-json\/wp\/v2\/media?parent=57998"}],"wp:term":[{"taxonomy":"category","embeddable":true,"href":"https:\/\/www.actualidadadiario.com\/index.php\/wp-json\/wp\/v2\/categories?post=57998"},{"taxonomy":"post_tag","embeddable":true,"href":"https:\/\/www.actualidadadiario.com\/index.php\/wp-json\/wp\/v2\/tags?post=57998"}],"curies":[{"name":"wp","href":"https:\/\/api.w.org\/{rel}","templated":true}]}}