{"id":57985,"date":"2020-02-20T11:42:49","date_gmt":"2020-02-20T14:42:49","guid":{"rendered":"https:\/\/www.actualidadadiario.com\/?p=57985"},"modified":"2020-02-20T11:42:49","modified_gmt":"2020-02-20T14:42:49","slug":"la-ausencia-del-radicalismo-dejo-a-frigerio-sin-cumbre-en-entre-rios","status":"publish","type":"post","link":"https:\/\/www.actualidadadiario.com\/index.php\/2020\/02\/20\/la-ausencia-del-radicalismo-dejo-a-frigerio-sin-cumbre-en-entre-rios\/","title":{"rendered":"La ausencia del radicalismo dej\u00f3 a Frigerio sin cumbre en Entre R\u00edos"},"content":{"rendered":"<p style=\"text-align: center;\"><em><strong>Finalmente, la reuni\u00f3n de referentes de Juntos por el Cambio de Entre R\u00edos con el ex ministro del Interior, Rogelio Frigerio, fue suspendida. El motivo principal fue la anunciada ausencia de referentes del radicalismo. El presidente del interbloque de la alianza en Diputados, Gustavo Cusinato, hab\u00eda adelantado que no asistir\u00eda<\/strong><\/em><\/p>\n<p>&nbsp;<\/p>\n<p>&nbsp;<\/p>\n<p>La principal fuerza opositora de la provincia ten\u00eda previsto realizar una cumbre el pr\u00f3ximo viernes al mediod\u00eda en Gualeguay. All\u00ed, la figura central ser\u00eda la de Rogelio Frigerio, adem\u00e1s de que se dar\u00eda un espacio a los legisladores provinciales y nacionales de JxC para expresarse.<\/p>\n<p>El ex Ministro de Mauricio Macri buscaba as\u00ed reagrupar a los partidos que conforman la alianza y mantener sobre ellos la influencia que hizo pesar desde 2015, con el manejo de la lapicera para integrar las listas en un primer momento y con el uso de herramientas institucionales y recursos del Ministerio del Interior luego.<\/p>\n<p>Sin embargo, las ausencias anunciadas del radicalismo al convite forzaron su suspensi\u00f3n. Cusinato, un hombre de la Corriente Illia, el sector radical m\u00e1s cercano al PRO, hab\u00eda dicho que no asistir\u00eda. A \u00e9l se fueron sumando otros dirigentes de peso, principalmente intendentes a\u00fan molestos por el manejo discrecional de recursos que hizo Frigerio durante su paso por Interior.<\/p>\n","protected":false},"excerpt":{"rendered":"<p>Finalmente, la reuni\u00f3n de referentes de Juntos por el Cambio de Entre R\u00edos con el ex ministro del Interior, Rogelio Frigerio, fue suspendida. El motivo principal fue la anunciada ausencia de referentes del radicalismo. El presidente del interbloque de la alianza en Diputados, Gustavo Cusinato, hab\u00eda adelantado que no asistir\u00eda &nbsp; &nbsp; La principal fuerza opositora de la provincia ten\u00eda previsto realizar una cumbre el pr\u00f3ximo viernes al mediod\u00eda en Gualeguay. All\u00ed, la figura central ser\u00eda la de Rogelio Frigerio, adem\u00e1s de que se dar\u00eda un espacio a los legisladores&#8230;<\/p>\n","protected":false},"author":3,"featured_media":57986,"comment_status":"closed","ping_status":"closed","sticky":false,"template":"","format":"standard","meta":[],"categories":[15],"tags":[],"_links":{"self":[{"href":"https:\/\/www.actualidadadiario.com\/index.php\/wp-json\/wp\/v2\/posts\/57985"}],"collection":[{"href":"https:\/\/www.actualidadadiario.com\/index.php\/wp-json\/wp\/v2\/posts"}],"about":[{"href":"https:\/\/www.actualidadadiario.com\/index.php\/wp-json\/wp\/v2\/types\/post"}],"author":[{"embeddable":true,"href":"https:\/\/www.actualidadadiario.com\/index.php\/wp-json\/wp\/v2\/users\/3"}],"replies":[{"embeddable":true,"href":"https:\/\/www.actualidadadiario.com\/index.php\/wp-json\/wp\/v2\/comments?post=57985"}],"version-history":[{"count":1,"href":"https:\/\/www.actualidadadiario.com\/index.php\/wp-json\/wp\/v2\/posts\/57985\/revisions"}],"predecessor-version":[{"id":57987,"href":"https:\/\/www.actualidadadiario.com\/index.php\/wp-json\/wp\/v2\/posts\/57985\/revisions\/57987"}],"wp:featuredmedia":[{"embeddable":true,"href":"https:\/\/www.actualidadadiario.com\/index.php\/wp-json\/wp\/v2\/media\/57986"}],"wp:attachment":[{"href":"https:\/\/www.actualidadadiario.com\/index.php\/wp-json\/wp\/v2\/media?parent=57985"}],"wp:term":[{"taxonomy":"category","embeddable":true,"href":"https:\/\/www.actualidadadiario.com\/index.php\/wp-json\/wp\/v2\/categories?post=57985"},{"taxonomy":"post_tag","embeddable":true,"href":"https:\/\/www.actualidadadiario.com\/index.php\/wp-json\/wp\/v2\/tags?post=57985"}],"curies":[{"name":"wp","href":"https:\/\/api.w.org\/{rel}","templated":true}]}}