{"id":57982,"date":"2020-02-20T11:42:10","date_gmt":"2020-02-20T14:42:10","guid":{"rendered":"https:\/\/www.actualidadadiario.com\/?p=57982"},"modified":"2020-02-20T11:42:10","modified_gmt":"2020-02-20T14:42:10","slug":"agmer-convoco-a-congreso-extraordinario-para-el-28-de-febrero","status":"publish","type":"post","link":"https:\/\/www.actualidadadiario.com\/index.php\/2020\/02\/20\/agmer-convoco-a-congreso-extraordinario-para-el-28-de-febrero\/","title":{"rendered":"Agmer convoc\u00f3 a Congreso Extraordinario para el 28 de febrero"},"content":{"rendered":"<p style=\"text-align: center;\"><em><strong>El Congreso se realizar\u00e1 una semana despu\u00e9s de la reuni\u00f3n con el gobierno. No solo la paritaria salarial marcar\u00e1 la agenda, sino tambi\u00e9n el anuncio del gobernador sobre la reforma del sistema previsional. \u201cSi hay un tema que hoy est\u00e1 en todas las escuelas y preocupa much\u00edsimo es justamente este anuncio\u201d, admiti\u00f3 Pagani<\/strong><\/em><\/p>\n<p>&nbsp;<\/p>\n<p>&nbsp;<\/p>\n<p>La convocatoria a Congreso Extraordinario estaba prevista a\u00fan antes del llamado del gobierno para definir los criterios de la paritaria. \u201cClaro que a partir de lo que ocurra el viernes va a haber elementos para discutir y va a aportar al debate\u201d, reconoci\u00f3 Pagani. El c\u00f3nclave ser\u00e1 en Federal, a partir de las 9.<\/p>\n<p>En tanto que el viernes 21 de febrero ir\u00e1n a la reuni\u00f3n \u201ccon dos planteos claros: demandarle al gobierno de la provincia una propuesta salarial para el a\u00f1o 2020, y vamos a pedir precisiones sobre los dichos del gobernador al inaugurar las sesiones legislativas\u201d. Estos \u00faltimos est\u00e1n relacionados a la reforma previsional.<\/p>\n<p>Respecto a salarios, Pagani explic\u00f3 que tambi\u00e9n est\u00e1n atentos a la paritaria nacional. \u201cUno se imaginaba que se iba a resolver m\u00e1s r\u00e1pido y est\u00e1 muy demorada, pero debe haber una resoluci\u00f3n lo m\u00e1s r\u00e1pido posible porque va a influir en la discusi\u00f3n que se de en cada provincia\u201d, repas\u00f3.<\/p>\n<p>\u201cClaramente siempre queremos empezar el ciclo lectivo con los chicos estudiando, con los compa\u00f1eros trabajando. Pero para eso obviamente debe existir respuesta por parte de la patronal provincial que contenga nuestras demandas\u201d, agreg\u00f3.<\/p>\n<p>Sobre la agenda del Congreso, adelant\u00f3 que \u201csi hay un tema que hoy est\u00e1 en todas las escuelas y preocupa much\u00edsimo\u201d es justamente el anuncio del gobernador sobre el proyecto que enviar\u00e1 para la \u201csustentabilidad\u201d de la Caja de Jubilaciones. \u201cGenera enorme preocupaci\u00f3n en todos los trabajadores y trabajadoras de la provincia\u201d, ratific\u00f3.<\/p>\n<p>Pagani adelant\u00f3 que lo que ocurra en la reuni\u00f3n de este viernes se trasladar\u00e1 a las seccionales departamentales. En tanto los d\u00edas 26 y 27 habr\u00e1 asambleas en las escuelas para definir el mandato que llevar\u00e1 cada seccional al Congreso.<\/p>\n","protected":false},"excerpt":{"rendered":"<p>El Congreso se realizar\u00e1 una semana despu\u00e9s de la reuni\u00f3n con el gobierno. No solo la paritaria salarial marcar\u00e1 la agenda, sino tambi\u00e9n el anuncio del gobernador sobre la reforma del sistema previsional. \u201cSi hay un tema que hoy est\u00e1 en todas las escuelas y preocupa much\u00edsimo es justamente este anuncio\u201d, admiti\u00f3 Pagani &nbsp; &nbsp; La convocatoria a Congreso Extraordinario estaba prevista a\u00fan antes del llamado del gobierno para definir los criterios de la paritaria. \u201cClaro que a partir de lo que ocurra el viernes va a haber elementos para&#8230;<\/p>\n","protected":false},"author":3,"featured_media":57983,"comment_status":"closed","ping_status":"closed","sticky":false,"template":"","format":"standard","meta":[],"categories":[15],"tags":[],"_links":{"self":[{"href":"https:\/\/www.actualidadadiario.com\/index.php\/wp-json\/wp\/v2\/posts\/57982"}],"collection":[{"href":"https:\/\/www.actualidadadiario.com\/index.php\/wp-json\/wp\/v2\/posts"}],"about":[{"href":"https:\/\/www.actualidadadiario.com\/index.php\/wp-json\/wp\/v2\/types\/post"}],"author":[{"embeddable":true,"href":"https:\/\/www.actualidadadiario.com\/index.php\/wp-json\/wp\/v2\/users\/3"}],"replies":[{"embeddable":true,"href":"https:\/\/www.actualidadadiario.com\/index.php\/wp-json\/wp\/v2\/comments?post=57982"}],"version-history":[{"count":1,"href":"https:\/\/www.actualidadadiario.com\/index.php\/wp-json\/wp\/v2\/posts\/57982\/revisions"}],"predecessor-version":[{"id":57984,"href":"https:\/\/www.actualidadadiario.com\/index.php\/wp-json\/wp\/v2\/posts\/57982\/revisions\/57984"}],"wp:featuredmedia":[{"embeddable":true,"href":"https:\/\/www.actualidadadiario.com\/index.php\/wp-json\/wp\/v2\/media\/57983"}],"wp:attachment":[{"href":"https:\/\/www.actualidadadiario.com\/index.php\/wp-json\/wp\/v2\/media?parent=57982"}],"wp:term":[{"taxonomy":"category","embeddable":true,"href":"https:\/\/www.actualidadadiario.com\/index.php\/wp-json\/wp\/v2\/categories?post=57982"},{"taxonomy":"post_tag","embeddable":true,"href":"https:\/\/www.actualidadadiario.com\/index.php\/wp-json\/wp\/v2\/tags?post=57982"}],"curies":[{"name":"wp","href":"https:\/\/api.w.org\/{rel}","templated":true}]}}