{"id":57979,"date":"2020-02-20T11:41:32","date_gmt":"2020-02-20T14:41:32","guid":{"rendered":"https:\/\/www.actualidadadiario.com\/?p=57979"},"modified":"2020-02-20T11:41:32","modified_gmt":"2020-02-20T14:41:32","slug":"las-becas-provinciales-tendran-un-incremento-del-20-o-25","status":"publish","type":"post","link":"https:\/\/www.actualidadadiario.com\/index.php\/2020\/02\/20\/las-becas-provinciales-tendran-un-incremento-del-20-o-25\/","title":{"rendered":"\u00abLas becas provinciales tendr\u00e1n un incremento del 20 o 25%\u00bb"},"content":{"rendered":"<p style=\"text-align: center;\"><em><strong>As\u00ed lo confirm\u00f3 el director ejecutivo del Instituto Becario, Sebasti\u00e1n B\u00e9rtoli. \u00abLas becas para deportistas federados y alumnos de escuelas agrot\u00e9cnicas tendr\u00e1n un incremento mayor\u00bb, destac\u00f3<\/strong><\/em><\/p>\n<p>&nbsp;<\/p>\n<p>\u00abLas becas provinciales tendr\u00e1n un incremento del 20 o 25% respecto a los montos del a\u00f1o pasado\u00bb, comunic\u00f3 el director ejecutivo del Instituto Becario, Sebasti\u00e1n B\u00e9rtoli.<\/p>\n<p>En ese sentido, aclar\u00f3 que \u00ablas becas para deportistas federados y alumnos de escuelas agrot\u00e9cnicas tendr\u00e1n un incremento mayor para revalorizar el ejemplo que dan, el no solo estudiar, sino que adem\u00e1s, se dedican y se esfuerzan\u00bb.<\/p>\n<p>Las declaraciones del funcionario provincial fueron en el marco de una capacitaci\u00f3n a interesados en interiorizarse en el sistema de inscripci\u00f3n on-line, que se brind\u00f3 este mi\u00e9rcoles en Paran\u00e1.<\/p>\n<p>Las inscripciones on-line para solicitantes de becas provinciales contin\u00faan abiertas. \u00abEs un tr\u00e1mite transparente e igualitario\u00bb, destac\u00f3 B\u00e9rtoli.<\/p>\n<p>La documentaci\u00f3n solicitada es la misma que se requer\u00eda habitualmente, con la diferencia que deber\u00e1 estar digitalizada, ya sea fotos tomadas con el celular o escaneadas, por el solicitante previamente para poder cargarla en la web.<\/p>\n<p>Fue en esa l\u00ednea que B\u00e9rtoli reconoci\u00f3 que \u00abla carga digital, porque se solicita la fotocopia de DNI, de ambos lados, y certificado de alumno regular, al tener que presentarse todo digitalizado, es lo que m\u00e1s est\u00e1 costando a los solicitantes\u00bb.<\/p>\n<p>Luego de la inscripci\u00f3n de cada estudiante, se inicia el proceso de evaluaci\u00f3n donde se pone a consideraci\u00f3n toda la documentaci\u00f3n presentada por cada solicitante. Pare este caso se agilizar\u00e1 la tarea de los evaluadores mediante el uso del nuevo sistema que cuenta tambi\u00e9n con la posibilidad de cruzar datos.<\/p>\n<p>Los interesados en mayor informaci\u00f3n, deben consultar en la web del Becario.<\/p>\n<p>&nbsp;<\/p>\n<p><strong>Cu\u00e1ndo se abonan las becas<\/strong><\/p>\n<p>Consultado a B\u00e9rtoli sobre las fechas de pago de las becas provinciales, \u00e9ste coment\u00f3 que \u00abel becado que ven\u00eda de 2019 cobrar\u00e1 en marzo y abril; mientras que a partir de mayo, se abonar\u00e1n las nuevas becas y renovaciones del ciclo 2020\u00ab.<\/p>\n<p>\u00abVamos a desdoblar las fechas para tener mayor tiempo de evaluaci\u00f3n y adjudicaci\u00f3n de los beneficiarios\u00bb, argument\u00f3.<\/p>\n","protected":false},"excerpt":{"rendered":"<p>As\u00ed lo confirm\u00f3 el director ejecutivo del Instituto Becario, Sebasti\u00e1n B\u00e9rtoli. \u00abLas becas para deportistas federados y alumnos de escuelas agrot\u00e9cnicas tendr\u00e1n un incremento mayor\u00bb, destac\u00f3 &nbsp; \u00abLas becas provinciales tendr\u00e1n un incremento del 20 o 25% respecto a los montos del a\u00f1o pasado\u00bb, comunic\u00f3 el director ejecutivo del Instituto Becario, Sebasti\u00e1n B\u00e9rtoli. En ese sentido, aclar\u00f3 que \u00ablas becas para deportistas federados y alumnos de escuelas agrot\u00e9cnicas tendr\u00e1n un incremento mayor para revalorizar el ejemplo que dan, el no solo estudiar, sino que adem\u00e1s, se dedican y se esfuerzan\u00bb&#8230;.<\/p>\n","protected":false},"author":3,"featured_media":57980,"comment_status":"closed","ping_status":"closed","sticky":false,"template":"","format":"standard","meta":[],"categories":[15],"tags":[],"_links":{"self":[{"href":"https:\/\/www.actualidadadiario.com\/index.php\/wp-json\/wp\/v2\/posts\/57979"}],"collection":[{"href":"https:\/\/www.actualidadadiario.com\/index.php\/wp-json\/wp\/v2\/posts"}],"about":[{"href":"https:\/\/www.actualidadadiario.com\/index.php\/wp-json\/wp\/v2\/types\/post"}],"author":[{"embeddable":true,"href":"https:\/\/www.actualidadadiario.com\/index.php\/wp-json\/wp\/v2\/users\/3"}],"replies":[{"embeddable":true,"href":"https:\/\/www.actualidadadiario.com\/index.php\/wp-json\/wp\/v2\/comments?post=57979"}],"version-history":[{"count":1,"href":"https:\/\/www.actualidadadiario.com\/index.php\/wp-json\/wp\/v2\/posts\/57979\/revisions"}],"predecessor-version":[{"id":57981,"href":"https:\/\/www.actualidadadiario.com\/index.php\/wp-json\/wp\/v2\/posts\/57979\/revisions\/57981"}],"wp:featuredmedia":[{"embeddable":true,"href":"https:\/\/www.actualidadadiario.com\/index.php\/wp-json\/wp\/v2\/media\/57980"}],"wp:attachment":[{"href":"https:\/\/www.actualidadadiario.com\/index.php\/wp-json\/wp\/v2\/media?parent=57979"}],"wp:term":[{"taxonomy":"category","embeddable":true,"href":"https:\/\/www.actualidadadiario.com\/index.php\/wp-json\/wp\/v2\/categories?post=57979"},{"taxonomy":"post_tag","embeddable":true,"href":"https:\/\/www.actualidadadiario.com\/index.php\/wp-json\/wp\/v2\/tags?post=57979"}],"curies":[{"name":"wp","href":"https:\/\/api.w.org\/{rel}","templated":true}]}}