{"id":57976,"date":"2020-02-20T11:40:47","date_gmt":"2020-02-20T14:40:47","guid":{"rendered":"https:\/\/www.actualidadadiario.com\/?p=57976"},"modified":"2020-02-20T11:40:47","modified_gmt":"2020-02-20T14:40:47","slug":"giano-se-reunio-con-el-decano-de-la-uca-para-definir-la-firma-de-un-convenio","status":"publish","type":"post","link":"https:\/\/www.actualidadadiario.com\/index.php\/2020\/02\/20\/giano-se-reunio-con-el-decano-de-la-uca-para-definir-la-firma-de-un-convenio\/","title":{"rendered":"Giano se reuni\u00f3 con el decano de la UCA para definir la firma de un convenio"},"content":{"rendered":"<p style=\"text-align: center;\"><em><strong>El presidente de la C\u00e1mara de Diputados, \u00c1ngel Giano, y el decano de la Universidad Cat\u00f3lica Argentina (UCA) sede Paran\u00e1, Mart\u00edn Acevedo Mi\u00f1o, coordinaron actividades y delimitaron los alcances del convenio que se celebrar\u00e1 entre ambas instituciones<\/strong><\/em><\/p>\n<p>&nbsp;<\/p>\n<p>&nbsp;<\/p>\n<p>\u201cValoramos el acompa\u00f1amiento que las universidades y destacamos el compromiso de las mismas para trabajar en conjunto\u201d, sostuvo el presidente de la C\u00e1mara de Diputados, \u00c1ngel Giano tras el encuentro que mantuvo con el decano de la Universidad Cat\u00f3lica Argentina (UCA) sede Paran\u00e1, Mart\u00edn Acevedo Mi\u00f1o.<\/p>\n<p>En la reuni\u00f3n ambas instituciones acordaron los t\u00e9rminos de la firma de un convenio de trabajo y de cooperaci\u00f3n que permitir\u00e1 la transferencia de conocimientos de la universidad a la C\u00e1mara Baja entrerriana.<\/p>\n<p>Giano destac\u00f3 la importancia que tiene la vinculaci\u00f3n con las casas de estudio de la provincia y resalt\u00f3 que \u201ces vital valorar la trayectoria y la calidad que tienen las instituciones y el enorme aporte que las mismas pueden hacer al Estado\u201d. Y agreg\u00f3: \u201cEs\u00a0 necesario poner en com\u00fan pautas que nos permitan trabajar juntos, comprometi\u00e9ndonos a hacer de la educaci\u00f3n un eslab\u00f3n fuerte en la cadena de la administraci\u00f3n y la legislaci\u00f3n\u201d.<\/p>\n","protected":false},"excerpt":{"rendered":"<p>El presidente de la C\u00e1mara de Diputados, \u00c1ngel Giano, y el decano de la Universidad Cat\u00f3lica Argentina (UCA) sede Paran\u00e1, Mart\u00edn Acevedo Mi\u00f1o, coordinaron actividades y delimitaron los alcances del convenio que se celebrar\u00e1 entre ambas instituciones &nbsp; &nbsp; \u201cValoramos el acompa\u00f1amiento que las universidades y destacamos el compromiso de las mismas para trabajar en conjunto\u201d, sostuvo el presidente de la C\u00e1mara de Diputados, \u00c1ngel Giano tras el encuentro que mantuvo con el decano de la Universidad Cat\u00f3lica Argentina (UCA) sede Paran\u00e1, Mart\u00edn Acevedo Mi\u00f1o. En la reuni\u00f3n ambas instituciones&#8230;<\/p>\n","protected":false},"author":3,"featured_media":57977,"comment_status":"closed","ping_status":"closed","sticky":false,"template":"","format":"standard","meta":[],"categories":[15],"tags":[],"_links":{"self":[{"href":"https:\/\/www.actualidadadiario.com\/index.php\/wp-json\/wp\/v2\/posts\/57976"}],"collection":[{"href":"https:\/\/www.actualidadadiario.com\/index.php\/wp-json\/wp\/v2\/posts"}],"about":[{"href":"https:\/\/www.actualidadadiario.com\/index.php\/wp-json\/wp\/v2\/types\/post"}],"author":[{"embeddable":true,"href":"https:\/\/www.actualidadadiario.com\/index.php\/wp-json\/wp\/v2\/users\/3"}],"replies":[{"embeddable":true,"href":"https:\/\/www.actualidadadiario.com\/index.php\/wp-json\/wp\/v2\/comments?post=57976"}],"version-history":[{"count":1,"href":"https:\/\/www.actualidadadiario.com\/index.php\/wp-json\/wp\/v2\/posts\/57976\/revisions"}],"predecessor-version":[{"id":57978,"href":"https:\/\/www.actualidadadiario.com\/index.php\/wp-json\/wp\/v2\/posts\/57976\/revisions\/57978"}],"wp:featuredmedia":[{"embeddable":true,"href":"https:\/\/www.actualidadadiario.com\/index.php\/wp-json\/wp\/v2\/media\/57977"}],"wp:attachment":[{"href":"https:\/\/www.actualidadadiario.com\/index.php\/wp-json\/wp\/v2\/media?parent=57976"}],"wp:term":[{"taxonomy":"category","embeddable":true,"href":"https:\/\/www.actualidadadiario.com\/index.php\/wp-json\/wp\/v2\/categories?post=57976"},{"taxonomy":"post_tag","embeddable":true,"href":"https:\/\/www.actualidadadiario.com\/index.php\/wp-json\/wp\/v2\/tags?post=57976"}],"curies":[{"name":"wp","href":"https:\/\/api.w.org\/{rel}","templated":true}]}}