{"id":57973,"date":"2020-02-20T11:40:04","date_gmt":"2020-02-20T14:40:04","guid":{"rendered":"https:\/\/www.actualidadadiario.com\/?p=57973"},"modified":"2020-02-20T11:40:04","modified_gmt":"2020-02-20T14:40:04","slug":"sesiono-el-senado-e-ingreso-el-pedido-de-acuerdo-para-el-presidente-del-consejo-de-educacion","status":"publish","type":"post","link":"https:\/\/www.actualidadadiario.com\/index.php\/2020\/02\/20\/sesiono-el-senado-e-ingreso-el-pedido-de-acuerdo-para-el-presidente-del-consejo-de-educacion\/","title":{"rendered":"Sesion\u00f3 el Senado e ingres\u00f3 el pedido de acuerdo para el presidente del Consejo de Educaci\u00f3n"},"content":{"rendered":"<p style=\"text-align: center;\"><em><strong>El Senado sesion\u00f3 el mi\u00e9rcoles pasado, dando ingreso al pedido de acuerdo constitucional para que el licenciado Martin Muller sea designado Director General de Escuelas de Entre R\u00edos y pueda presidir el Consejo de Educaci\u00f3n. Adem\u00e1s, la representante del Senado ante el Instituto Becario ser\u00e1 la Senadora de Diamante, Claudia Gieco (PJ)<\/strong><\/em><\/p>\n<p>&nbsp;<\/p>\n<p>&nbsp;<\/p>\n<p>Se realiz\u00f3 la primera sesi\u00f3n ordinaria del 141 per\u00edodo legislativo de la C\u00e1mara de Senadores. Presidi\u00f3 el vicepresidente primero del Cuerpo, Daniel Olano (Islas \u2013 FJ Creer ER) y estuvieron presentes los 17 representantes departamentales. El trabajo comenz\u00f3 despu\u00e9s de las 19 y como es de rigor, se izaron las banderas de la Naci\u00f3n\u00a0 y de Entre R\u00edos, lo que hicieron los representantes de Victoria y San Salvador, Gast\u00f3n Bagnat y Marcelo Berthet, en ese orden. Luego fueron aprobadas las actas de la sesi\u00f3n anterior.<\/p>\n<p>Ingres\u00f3 y fue girado a la Comisi\u00f3n de Asuntos Constitucionales y Acuerdos, el pedido de Acuerdo Constitucional para que el licenciado Mart\u00edn Conrado Muller, sea designado como Director General de Escuelas de la provincia de Entre R\u00edos.<\/p>\n<p>A partir de ahora se comenzar\u00e1n a desandar los pasos previstos en el reglamento del Senado para este tipo de solicitudes del Ejecutivo, por lo que ser\u00e1n dados a conocer los antecedentes del propuesto y adem\u00e1s se realizar\u00e1n Audiencias P\u00fablicas para que pueda exponer el plan de trabajo y responda a las requisitorias de los Senadores.<\/p>\n<p>En el espacio reservado para las comunicaciones oficiales, la C\u00e1mara recibi\u00f3 un pedido para que, en orden a lo establecido por la ley 10133, se designe un representante del Senado para integrar el directorio del Instituto Becario Provincial. Fue propuesta para ocupar este espacio la representante del departamento Diamante, Claudia Gieco.<\/p>\n<p>Se solicit\u00f3 adem\u00e1s al cuerpo la designaci\u00f3n de los representantes de la C\u00e1mara para integrar el Jurado de Enjuiciamiento, para lo que fueron propuestos los senadores de Concordia y de Gualeguay, Armando Gay (Creer) y Francisco Morchio (Juntos por el Cambio), respectivamente.<\/p>\n<p>El director de bibliotecas populares de la provincia, N\u00e9stor Rodr\u00edguez, solicit\u00f3 la designaci\u00f3n de un representante de la C\u00e1mara Alta para integrar la comisi\u00f3n protectora de bibliotecas populares de Entre R\u00edos, en orden a lo establecido por el art\u00edculo 5 de la ley provincial 8092. El presidente del Bloque Creer, Armando Gay, propuso para ocupar este espacio a la senadora de Feliciano, Ester Gonz\u00e1lez.<\/p>\n<p>Tambi\u00e9n se pidi\u00f3 la designaci\u00f3n de los representantes del Senado en el consejo directivo del Instituto Portuario Provincial, lo que est\u00e1 establecido en el art\u00edculo 15 de la ley provincial 9750.<\/p>\n<p>La designaci\u00f3n recay\u00f3 sobre los senadores de Islas y La Paz, Daniel Olano y Am\u00edlcar Ren\u00e9 Genre Bert, respectivamente.<\/p>\n<p>Como es habitual la C\u00e1mara recibi\u00f3 el informe trimestral sobre el seguimiento del contrato con el Agente Financiero de la provincia. Se trata de la documental correspondiente al \u00faltimo trimestre del a\u00f1o 2019.<\/p>\n<p>La C\u00e1mara Alta recibi\u00f3 un proyecto de ley del Poder Ejecutivo por el que se autoriza al Gobierno de la provincia a aceptar la donaci\u00f3n formulada por la municipalidad de Villa Urquiza de un inmueble con destino a la construcci\u00f3n de un edificio para el Juzgado de Paz de la localidad.<\/p>\n<p>Tambi\u00e9n tom\u00f3 estado parlamentario un proyecto de ley que autoriza al Instituto de la Vivienda a donar al municipio de Paran\u00e1 dos inmuebles que pertenecen al grupo habitacional \u201cParan\u00e1 170 viviendas\u201d, con el cargo de que el municipio destine los inmuebles a calles p\u00fablicas.<\/p>\n<p>Tom\u00f3 estado parlamentario y fue tratado sobre tablas, con apoyo de las dos bancadas que conforman el Cuerpo, un proyecto de ley por el cual se autoriza al Ejecutivo a aceptar la oferta de donaci\u00f3n, formulada conforme ordenanza 10.410 del Concejo Municipal de Concepci\u00f3n del Uruguay, de un terreno ubicado, departamento Uruguay, a efectos de la construcci\u00f3n de la comisar\u00eda cuarta por el municipio.<\/p>\n<p>El autor de la iniciativa explic\u00f3 que se trata de viabilizar el uso de un terreno, que ya cuenta con la aprobaci\u00f3n dese el Concejo Deliberante, para que \u201ccuanto antes comience la construcci\u00f3n de esta comisar\u00eda\u201d, enfatiz\u00f3. Fue aprobado por unanimidad y pas\u00f3 a la C\u00e1mara de Diputados en revisi\u00f3n.<\/p>\n<p>El presidente del Bloque de Senadores del Frente Justicialista Creer Entre R\u00edos (FJ Creer ER), Armando Gay (Concordia), impuls\u00f3 un proyecto de Resoluci\u00f3n que adhiere a lo establecido por el decreto 2423 del gobierno provincial.<\/p>\n<p>A trav\u00e9s de ese instrumento se impulsa la conmemoraci\u00f3n de una serie de hitos hist\u00f3ricos de singular importancia, como son el \u201cBicentenario de la batalla de Cepeda\u201d, el \u201cBicentenario del Tratado del Pilar\u201d y el \u201cBicentenario de la fundaci\u00f3n de la Rep\u00fablica de Entre R\u00edos\u201d, las que se llevar\u00e1n a cabo en el transcurso del a\u00f1o 2020.<\/p>\n<p>Adem\u00e1s, la resoluci\u00f3n determina que se ha de instituir el uso de la leyenda \u201c2020 \u2013 a\u00f1o del Bicentenario de la Fundaci\u00f3n de la Rep\u00fablica de Entre R\u00edos\u201d durante el a\u00f1o 2020 en toda normativa emanada por la Presidencia de la C\u00e1mara Alta. El expediente ser\u00e1 tratado en comisiones en los pr\u00f3ximos d\u00edas.<\/p>\n","protected":false},"excerpt":{"rendered":"<p>El Senado sesion\u00f3 el mi\u00e9rcoles pasado, dando ingreso al pedido de acuerdo constitucional para que el licenciado Martin Muller sea designado Director General de Escuelas de Entre R\u00edos y pueda presidir el Consejo de Educaci\u00f3n. Adem\u00e1s, la representante del Senado ante el Instituto Becario ser\u00e1 la Senadora de Diamante, Claudia Gieco (PJ) &nbsp; &nbsp; Se realiz\u00f3 la primera sesi\u00f3n ordinaria del 141 per\u00edodo legislativo de la C\u00e1mara de Senadores. Presidi\u00f3 el vicepresidente primero del Cuerpo, Daniel Olano (Islas \u2013 FJ Creer ER) y estuvieron presentes los 17 representantes departamentales. El&#8230;<\/p>\n","protected":false},"author":3,"featured_media":57974,"comment_status":"closed","ping_status":"closed","sticky":false,"template":"","format":"standard","meta":[],"categories":[15],"tags":[],"_links":{"self":[{"href":"https:\/\/www.actualidadadiario.com\/index.php\/wp-json\/wp\/v2\/posts\/57973"}],"collection":[{"href":"https:\/\/www.actualidadadiario.com\/index.php\/wp-json\/wp\/v2\/posts"}],"about":[{"href":"https:\/\/www.actualidadadiario.com\/index.php\/wp-json\/wp\/v2\/types\/post"}],"author":[{"embeddable":true,"href":"https:\/\/www.actualidadadiario.com\/index.php\/wp-json\/wp\/v2\/users\/3"}],"replies":[{"embeddable":true,"href":"https:\/\/www.actualidadadiario.com\/index.php\/wp-json\/wp\/v2\/comments?post=57973"}],"version-history":[{"count":1,"href":"https:\/\/www.actualidadadiario.com\/index.php\/wp-json\/wp\/v2\/posts\/57973\/revisions"}],"predecessor-version":[{"id":57975,"href":"https:\/\/www.actualidadadiario.com\/index.php\/wp-json\/wp\/v2\/posts\/57973\/revisions\/57975"}],"wp:featuredmedia":[{"embeddable":true,"href":"https:\/\/www.actualidadadiario.com\/index.php\/wp-json\/wp\/v2\/media\/57974"}],"wp:attachment":[{"href":"https:\/\/www.actualidadadiario.com\/index.php\/wp-json\/wp\/v2\/media?parent=57973"}],"wp:term":[{"taxonomy":"category","embeddable":true,"href":"https:\/\/www.actualidadadiario.com\/index.php\/wp-json\/wp\/v2\/categories?post=57973"},{"taxonomy":"post_tag","embeddable":true,"href":"https:\/\/www.actualidadadiario.com\/index.php\/wp-json\/wp\/v2\/tags?post=57973"}],"curies":[{"name":"wp","href":"https:\/\/api.w.org\/{rel}","templated":true}]}}