{"id":57970,"date":"2020-02-20T11:39:19","date_gmt":"2020-02-20T14:39:19","guid":{"rendered":"https:\/\/www.actualidadadiario.com\/?p=57970"},"modified":"2020-02-20T11:39:19","modified_gmt":"2020-02-20T14:39:19","slug":"la-provincia-presento-sus-programas-productivos-al-ministro-de-agricultura-de-la-nacion","status":"publish","type":"post","link":"https:\/\/www.actualidadadiario.com\/index.php\/2020\/02\/20\/la-provincia-presento-sus-programas-productivos-al-ministro-de-agricultura-de-la-nacion\/","title":{"rendered":"La provincia present\u00f3 sus programas productivos al ministro de Agricultura de la naci\u00f3n"},"content":{"rendered":"<p style=\"text-align: center;\"><em><strong>Los programas que se har\u00e1n en la provincia y que tienen como objetivo el crecimiento del sector productivo entrerriano en forma sustentable fueron analizados por el ministro de Producci\u00f3n, Juan Jos\u00e9 Bahillo, y el titular de la cartera de Agricultura, Ganader\u00eda y Pesca de la Naci\u00f3n, Luis Basterra<\/strong><\/em><\/p>\n<p>&nbsp;<\/p>\n<p>&nbsp;<\/p>\n<p>Bahillo explic\u00f3 que se utilizar\u00e1n todos los resortes del Estado provincial para lograr que los j\u00f3venes consigan un trabajo genuino en su lugar de origen y sigan viviendo en el campo. Para ello se promover\u00e1 el asociativismo entre productores.<\/p>\n<p>\u201cEl Gobernador Bordet nos instruy\u00f3 para que dise\u00f1emos programas que tiendan a lograr un desarrollo econ\u00f3mico sustentable con el ambiente, y para esto se fomentar\u00e1 el cuidado de nuestro suelo, con buenas pr\u00e1cticas agropecuarias\u201d, destac\u00f3 el titular de la cartera productiva.<\/p>\n<p>\u201cEsto significa que nuestro sistema productivo tiene que asumir que la conservaci\u00f3n del suelo y las buenas pr\u00e1cticas agropecuarias, son una necesidad del presente para que tengamos futuro como proveedores de alimentos en el mundo. El suelo es un bien com\u00fan, y por eso, desde el Estado provincial fomentamos un uso sustentable, procurando evitar la p\u00e9rdida de fertilidad y su degradaci\u00f3n por las malas pr\u00e1cticas\u201d, reconoci\u00f3 Bahillo.<\/p>\n<p>\u201cAqu\u00ed planteamos la creaci\u00f3n de la figura de Productor Agropecuario Sustentable Entrerriano, como un sello distintivo para quienes generen riquezas en un contexto amigable con el ambiente\u201d.<\/p>\n<p>Durante la reuni\u00f3n tambi\u00e9n se analiz\u00f3 la situaci\u00f3n del uso de fitosanitarios. Bahillo le coment\u00f3 a Basterra, sobre la decisi\u00f3n de ejercer una fuerte regulaci\u00f3n y fiscalizaci\u00f3n en el empleo de agroqu\u00edmicos.<\/p>\n<p>El ministro Basterra ofreci\u00f3 el apoyo del Instituto Nacional de Tecnolog\u00eda Agropecuaria y el Instituto Nacional de Tecnolog\u00eda Industrial, para lograr el aporte de los conocimientos de estos organismos y de esta forma construir un sistema, con los m\u00e9todos m\u00e1s avanzados para el monitoreo remoto georreferenciado de las actividades de pulverizaci\u00f3n.<\/p>\n<p>&nbsp;<\/p>\n<p><strong>Grupos de Intercambio Solidario de Entre R\u00edos<\/strong><\/p>\n<p>Durante la reuni\u00f3n tambi\u00e9n se abord\u00f3 la puesta en marcha de este modelo de trabajo asociativo, que fue una experiencia exitosa en la primera gesti\u00f3n peronista de esta etapa democr\u00e1tica.<\/p>\n<p>En esta nueva etapa, se propondr\u00e1 el acompa\u00f1amiento de instituciones de prestigio como el INTA, la Facultad de Ciencias Agropecuarias, el Conicet y tambi\u00e9n del sector privado, \u201cvamos a reeditar este modelo de asociativismo de productores, que permiti\u00f3 a muchas familias seguir viviendo en el campo\u201d, destac\u00f3 Bahillo.<\/p>\n<p>\u201cSe trata de promover la inclusi\u00f3n productiva formal y competitiva de los productores de la agricultura familiar y medianos productores asociados en las cadenas de valor caracter\u00edsticas de Entre R\u00edos\u201d.<\/p>\n<p>&nbsp;<\/p>\n<p><strong>Plan de Desarrollo Ganadero<\/strong><\/p>\n<p>El ministro de Producci\u00f3n, quien fue acompa\u00f1ado por el secretario de Agricultura y Ganader\u00eda, Lucio Amavet, el de Agricultura, Carlos Enrique Roque Toledo y el de Producci\u00f3n Animal, Exequiel Alvarenque, presentaron al ministro Basterra, la iniciativa para mejorar los \u00edndices que hoy tiene la ganader\u00eda provincial. \u201cnuestra productividad puede mejorar y para eso nos trazamos un objetivo a lograr en cuatro a\u00f1os. Entre R\u00edos tiene 1,8 millones de vacas de cr\u00eda y producen poco m\u00e1s de un mill\u00f3n de terneros por a\u00f1o. Quiere decir que hay unas 700 mil vacas que no producen.<\/p>\n<p>\u201cLa cadena de ganados y carnes tiene aqu\u00ed un gran desaf\u00edo\u201d, coment\u00f3 Bahillo. \u201cIncorporar tecnolog\u00edas de manejo que incluye apotreramiento, aguadas, asesoramiento veterinario, estacionamiento de pariciones, y controles sanitarios entre otras. Si el sector pudiera marcar el 75%, estar\u00edamos sumando 250 mil terneros m\u00e1s por a\u00f1o al rodeo provincial, aportando decididamente a la econom\u00eda local\u201d, afirm\u00f3.<\/p>\n","protected":false},"excerpt":{"rendered":"<p>Los programas que se har\u00e1n en la provincia y que tienen como objetivo el crecimiento del sector productivo entrerriano en forma sustentable fueron analizados por el ministro de Producci\u00f3n, Juan Jos\u00e9 Bahillo, y el titular de la cartera de Agricultura, Ganader\u00eda y Pesca de la Naci\u00f3n, Luis Basterra &nbsp; &nbsp; Bahillo explic\u00f3 que se utilizar\u00e1n todos los resortes del Estado provincial para lograr que los j\u00f3venes consigan un trabajo genuino en su lugar de origen y sigan viviendo en el campo. Para ello se promover\u00e1 el asociativismo entre productores. \u201cEl&#8230;<\/p>\n","protected":false},"author":3,"featured_media":57971,"comment_status":"closed","ping_status":"closed","sticky":false,"template":"","format":"standard","meta":[],"categories":[15],"tags":[],"_links":{"self":[{"href":"https:\/\/www.actualidadadiario.com\/index.php\/wp-json\/wp\/v2\/posts\/57970"}],"collection":[{"href":"https:\/\/www.actualidadadiario.com\/index.php\/wp-json\/wp\/v2\/posts"}],"about":[{"href":"https:\/\/www.actualidadadiario.com\/index.php\/wp-json\/wp\/v2\/types\/post"}],"author":[{"embeddable":true,"href":"https:\/\/www.actualidadadiario.com\/index.php\/wp-json\/wp\/v2\/users\/3"}],"replies":[{"embeddable":true,"href":"https:\/\/www.actualidadadiario.com\/index.php\/wp-json\/wp\/v2\/comments?post=57970"}],"version-history":[{"count":1,"href":"https:\/\/www.actualidadadiario.com\/index.php\/wp-json\/wp\/v2\/posts\/57970\/revisions"}],"predecessor-version":[{"id":57972,"href":"https:\/\/www.actualidadadiario.com\/index.php\/wp-json\/wp\/v2\/posts\/57970\/revisions\/57972"}],"wp:featuredmedia":[{"embeddable":true,"href":"https:\/\/www.actualidadadiario.com\/index.php\/wp-json\/wp\/v2\/media\/57971"}],"wp:attachment":[{"href":"https:\/\/www.actualidadadiario.com\/index.php\/wp-json\/wp\/v2\/media?parent=57970"}],"wp:term":[{"taxonomy":"category","embeddable":true,"href":"https:\/\/www.actualidadadiario.com\/index.php\/wp-json\/wp\/v2\/categories?post=57970"},{"taxonomy":"post_tag","embeddable":true,"href":"https:\/\/www.actualidadadiario.com\/index.php\/wp-json\/wp\/v2\/tags?post=57970"}],"curies":[{"name":"wp","href":"https:\/\/api.w.org\/{rel}","templated":true}]}}