{"id":57968,"date":"2020-02-20T11:38:33","date_gmt":"2020-02-20T14:38:33","guid":{"rendered":"https:\/\/www.actualidadadiario.com\/?p=57968"},"modified":"2020-02-20T11:38:33","modified_gmt":"2020-02-20T14:38:33","slug":"entre-rios-garantiza-los-180-dias-de-clase-en-todos-los-niveles-del-sistema-educativo","status":"publish","type":"post","link":"https:\/\/www.actualidadadiario.com\/index.php\/2020\/02\/20\/entre-rios-garantiza-los-180-dias-de-clase-en-todos-los-niveles-del-sistema-educativo\/","title":{"rendered":"Entre R\u00edos garantiza los 180 d\u00edas de clase en todos los niveles del sistema educativo"},"content":{"rendered":"<p style=\"text-align: center;\"><em><strong>El Consejo General de Educaci\u00f3n emiti\u00f3 la Resoluci\u00f3n 315\/20, que adapt\u00f3 el Calendario Escolar entrerriano para asegurar los 180 d\u00edas de clase m\u00ednimos establecidos por Ley y acordados con todas las provincias del pa\u00eds en el Ministerio de Educaci\u00f3n de la Naci\u00f3n<\/strong><\/em><\/p>\n<p>&nbsp;<\/p>\n<p>&nbsp;<\/p>\n<p>En virtud de cumplir con la Ley 25.864 y la Resoluci\u00f3n N\u00ba 361\/19 del Consejo Federal de Educaci\u00f3n, que fijan un ciclo lectivo anual m\u00ednimo de 180 d\u00edas efectivos de clase para los establecimientos educativos de todo el pa\u00eds, la provincia de Entre R\u00edos adecu\u00f3 oficialmente su Calendario Escolar 2020 a trav\u00e9s de la Resoluci\u00f3n 315\/20 del Consejo General de Educaci\u00f3n, a fin de garantizar ambas normativas.<\/p>\n<p>El presidente del CGE, Mart\u00edn M\u00fcller, ratific\u00f3 que Entre R\u00edos cumplir\u00e1 con los 180 d\u00edas de clase durante el ciclo lectivo que se inicia el pr\u00f3ximo 2 de marzo. &#8220;Esta resoluci\u00f3n modificatoria se public\u00f3 en funci\u00f3n de lo establecido en la reuni\u00f3n del Consejo Federal en diciembre, donde los referentes educativos de las 24 jurisdicciones del pa\u00eds y el ministro de Educaci\u00f3n de la Naci\u00f3n, Nicol\u00e1s Trotta, acordamos un Calendario Escolar Nacional y un ciclo lectivo anual m\u00ednimo de 180 d\u00edas efectivos de clase&#8221;.<\/p>\n<p>&#8220;De esta manera cumplimos con lo establecido por ley y con el compromiso que asumi\u00f3 el gobernador Gustavo Bordet en la Asamblea Legislativa del pasado s\u00e1bado, de asegurar los 180 d\u00edas de ciclo lectivo en Entre R\u00edos&#8221;, subray\u00f3 M\u00fcller y explic\u00f3 los detalles de la adecuaci\u00f3n del Calendario Escolar provincial, que &#8220;se extendi\u00f3 por tres d\u00edas, hasta el mi\u00e9rcoles 16 de diciembre&#8221;.<\/p>\n<p>De esta manera y de acuerdo a la Resoluci\u00f3n 315\/20 del CGE, el mes de diciembre contar\u00e1 con el siguiente cronograma para todos los niveles y modalidades del sistema educativo entrerriano:<\/p>\n<p>Del 1 al 18: per\u00edodo de apropiaci\u00f3n e integraci\u00f3n de aprendizajes (Nivel Primario).<\/p>\n<p>Del 1 al 23: per\u00edodo de revisi\u00f3n, acompa\u00f1amiento y apoyo a los estudiantes con espacios curriculares pendientes de aprobaci\u00f3n y comisi\u00f3n evaluadora (Nivel Secundario). Comisi\u00f3n Evaluadora del Programa Oportunidades (modalidad J\u00f3venes y Adultos).<\/p>\n<p>D\u00eda 16: finalizaci\u00f3n del tercer trimestre y del per\u00edodo de clases. Jornada Institucional<\/p>\n<p>D\u00eda 17: comienzo de Acciones de Verano<\/p>\n<p>D\u00eda 23: finalizaci\u00f3n de actividades escolares.<\/p>\n<p>D\u00eda 24: comienzo del receso de verano.<\/p>\n","protected":false},"excerpt":{"rendered":"<p>El Consejo General de Educaci\u00f3n emiti\u00f3 la Resoluci\u00f3n 315\/20, que adapt\u00f3 el Calendario Escolar entrerriano para asegurar los 180 d\u00edas de clase m\u00ednimos establecidos por Ley y acordados con todas las provincias del pa\u00eds en el Ministerio de Educaci\u00f3n de la Naci\u00f3n &nbsp; &nbsp; En virtud de cumplir con la Ley 25.864 y la Resoluci\u00f3n N\u00ba 361\/19 del Consejo Federal de Educaci\u00f3n, que fijan un ciclo lectivo anual m\u00ednimo de 180 d\u00edas efectivos de clase para los establecimientos educativos de todo el pa\u00eds, la provincia de Entre R\u00edos adecu\u00f3 oficialmente&#8230;<\/p>\n","protected":false},"author":3,"featured_media":53689,"comment_status":"closed","ping_status":"closed","sticky":false,"template":"","format":"standard","meta":[],"categories":[9],"tags":[],"_links":{"self":[{"href":"https:\/\/www.actualidadadiario.com\/index.php\/wp-json\/wp\/v2\/posts\/57968"}],"collection":[{"href":"https:\/\/www.actualidadadiario.com\/index.php\/wp-json\/wp\/v2\/posts"}],"about":[{"href":"https:\/\/www.actualidadadiario.com\/index.php\/wp-json\/wp\/v2\/types\/post"}],"author":[{"embeddable":true,"href":"https:\/\/www.actualidadadiario.com\/index.php\/wp-json\/wp\/v2\/users\/3"}],"replies":[{"embeddable":true,"href":"https:\/\/www.actualidadadiario.com\/index.php\/wp-json\/wp\/v2\/comments?post=57968"}],"version-history":[{"count":1,"href":"https:\/\/www.actualidadadiario.com\/index.php\/wp-json\/wp\/v2\/posts\/57968\/revisions"}],"predecessor-version":[{"id":57969,"href":"https:\/\/www.actualidadadiario.com\/index.php\/wp-json\/wp\/v2\/posts\/57968\/revisions\/57969"}],"wp:featuredmedia":[{"embeddable":true,"href":"https:\/\/www.actualidadadiario.com\/index.php\/wp-json\/wp\/v2\/media\/53689"}],"wp:attachment":[{"href":"https:\/\/www.actualidadadiario.com\/index.php\/wp-json\/wp\/v2\/media?parent=57968"}],"wp:term":[{"taxonomy":"category","embeddable":true,"href":"https:\/\/www.actualidadadiario.com\/index.php\/wp-json\/wp\/v2\/categories?post=57968"},{"taxonomy":"post_tag","embeddable":true,"href":"https:\/\/www.actualidadadiario.com\/index.php\/wp-json\/wp\/v2\/tags?post=57968"}],"curies":[{"name":"wp","href":"https:\/\/api.w.org\/{rel}","templated":true}]}}