{"id":57961,"date":"2020-02-18T12:12:25","date_gmt":"2020-02-18T15:12:25","guid":{"rendered":"https:\/\/www.actualidadadiario.com\/?p=57961"},"modified":"2020-02-18T12:12:25","modified_gmt":"2020-02-18T15:12:25","slug":"feriados-de-carnaval-se-viene-el-primer-fin-de-semana-extra-largo-del-ano","status":"publish","type":"post","link":"https:\/\/www.actualidadadiario.com\/index.php\/2020\/02\/18\/feriados-de-carnaval-se-viene-el-primer-fin-de-semana-extra-largo-del-ano\/","title":{"rendered":"Feriados de Carnaval: se viene el primer fin de semana extra largo del a\u00f1o"},"content":{"rendered":"<p style=\"text-align: center;\"><em><strong>La semana que viene habr\u00e1 dos d\u00edas extra de descanso para todos los argentinos, el primero de los tres fines de semana XL que tiene el a\u00f1o<\/strong><\/em><\/p>\n<p>&nbsp;<\/p>\n<p>&nbsp;<\/p>\n<p>A casi dos meses de comenzar el a\u00f1o, muchos ya esperan con ansias un feriado para descansar un poco m\u00e1s o planear un viaje. Quienes tengan ese objetivo podr\u00e1n concretarlo el pr\u00f3ximo fin de semana, ya que el lunes 24 y martes 25 de febrero llegar\u00e1 el primer fin de semana \u201cextra largo\u201d del 2020, por los feriados de Carnaval.<\/p>\n<p>El 24 y 25 de febrero son feriados nacionales &#8220;inamovibles\u201d seg\u00fan establece la ley 27.399, por lo que para muchos ser\u00e1n en total cuatro d\u00edas seguidos de descanso, ya que se suman al habitual fin de semana de s\u00e1bado y domingo.<\/p>\n<p>Para el 2020, el calendario prev\u00e9 11 feriados inamovibles por fechas patrias o celebraciones religiosas; cuatro trasladables -s\u00f3lo se mover\u00e1n dos-; tres feriados puente con fines tur\u00edsticos y tres d\u00edas no laborables. En total, ser\u00e1n entonces cuatro fines de semana de cuatro d\u00edas y siete de tres.<\/p>\n<p>El pr\u00f3ximo de semana \u201cextra largo\u201d ser\u00e1 el del 21, 22, 23 y 24 de marzo, ya que el Gobierno fij\u00f3 el d\u00eda 23 de marzo como feriado no laborable, que ser\u00e1 d\u00eda lunes, y se suma as\u00ed al feriado por el d\u00eda Nacional de la Memoria por la Verdad y la Justicia, que es al d\u00eda siguiente.<\/p>\n<p>Por ley, el Poder Ejecutivo Nacional tiene la facultad de establecer hasta tres d\u00edas feriados o no laborables destinados a promover la actividad tur\u00edstica, que deber\u00e1n coincidir con los d\u00edas lunes o viernes. Seg\u00fan establece el decreto 717\/2019, firmado por el gobierno anterior, los otros dos fines de semana XL ser\u00e1n en julio y diciembre.<\/p>\n<p>El jueves 9 de julio, el feriado por el d\u00eda de la Independencia tendr\u00e1 adem\u00e1s el viernes 10 de julio como no laborable, por lo que el fin de semana largo ser\u00e1 de jueves a domingo, y el lunes 7 de diciembre tambi\u00e9n ser\u00e1 feriado con fines tur\u00edsticos, ya que el martes 8 de diciembre es feriado inamovible por el d\u00eda de la Inmaculada Concepci\u00f3n de Mar\u00eda.<\/p>\n","protected":false},"excerpt":{"rendered":"<p>La semana que viene habr\u00e1 dos d\u00edas extra de descanso para todos los argentinos, el primero de los tres fines de semana XL que tiene el a\u00f1o &nbsp; &nbsp; A casi dos meses de comenzar el a\u00f1o, muchos ya esperan con ansias un feriado para descansar un poco m\u00e1s o planear un viaje. Quienes tengan ese objetivo podr\u00e1n concretarlo el pr\u00f3ximo fin de semana, ya que el lunes 24 y martes 25 de febrero llegar\u00e1 el primer fin de semana \u201cextra largo\u201d del 2020, por los feriados de Carnaval. El&#8230;<\/p>\n","protected":false},"author":3,"featured_media":57962,"comment_status":"closed","ping_status":"closed","sticky":false,"template":"","format":"standard","meta":[],"categories":[4],"tags":[],"_links":{"self":[{"href":"https:\/\/www.actualidadadiario.com\/index.php\/wp-json\/wp\/v2\/posts\/57961"}],"collection":[{"href":"https:\/\/www.actualidadadiario.com\/index.php\/wp-json\/wp\/v2\/posts"}],"about":[{"href":"https:\/\/www.actualidadadiario.com\/index.php\/wp-json\/wp\/v2\/types\/post"}],"author":[{"embeddable":true,"href":"https:\/\/www.actualidadadiario.com\/index.php\/wp-json\/wp\/v2\/users\/3"}],"replies":[{"embeddable":true,"href":"https:\/\/www.actualidadadiario.com\/index.php\/wp-json\/wp\/v2\/comments?post=57961"}],"version-history":[{"count":1,"href":"https:\/\/www.actualidadadiario.com\/index.php\/wp-json\/wp\/v2\/posts\/57961\/revisions"}],"predecessor-version":[{"id":57963,"href":"https:\/\/www.actualidadadiario.com\/index.php\/wp-json\/wp\/v2\/posts\/57961\/revisions\/57963"}],"wp:featuredmedia":[{"embeddable":true,"href":"https:\/\/www.actualidadadiario.com\/index.php\/wp-json\/wp\/v2\/media\/57962"}],"wp:attachment":[{"href":"https:\/\/www.actualidadadiario.com\/index.php\/wp-json\/wp\/v2\/media?parent=57961"}],"wp:term":[{"taxonomy":"category","embeddable":true,"href":"https:\/\/www.actualidadadiario.com\/index.php\/wp-json\/wp\/v2\/categories?post=57961"},{"taxonomy":"post_tag","embeddable":true,"href":"https:\/\/www.actualidadadiario.com\/index.php\/wp-json\/wp\/v2\/tags?post=57961"}],"curies":[{"name":"wp","href":"https:\/\/api.w.org\/{rel}","templated":true}]}}