{"id":57955,"date":"2020-02-18T12:11:05","date_gmt":"2020-02-18T15:11:05","guid":{"rendered":"https:\/\/www.actualidadadiario.com\/?p=57955"},"modified":"2020-02-18T12:11:05","modified_gmt":"2020-02-18T15:11:05","slug":"llega-el-tiempo-de-los-carnavales-y-el-descontrol-en-brasil","status":"publish","type":"post","link":"https:\/\/www.actualidadadiario.com\/index.php\/2020\/02\/18\/llega-el-tiempo-de-los-carnavales-y-el-descontrol-en-brasil\/","title":{"rendered":"Llega el tiempo de los carnavales y el descontrol en Brasil"},"content":{"rendered":"<p style=\"text-align: center;\"><em><strong>Cuando febrero comienza a vislumbrar la \u00faltima semana, todo se ti\u00f1e de carnaval. Las ciudades de R\u00edo de Janeiro, Bah\u00eda y hasta San Pablo, comienzan a mostrar a miles de brasile\u00f1os en sus calles danzando. Pero no todo es alegr\u00eda y carnaval, porque para estos tiempos tambi\u00e9n crece el descontrol. Robos, cr\u00edmenes e inseguridad entre bailes y m\u00fasica<\/strong><\/em><\/p>\n<p>&nbsp;<\/p>\n<p>Es as\u00ed que en los eventos previos a los carnavales, las tres ciudades m\u00e1s famosas vuelcan miles de personas a las calles previo a la semana m\u00e1s maravillosa del continente. Sin embargo, ya se registraron dos muertos y m\u00e1s de diez heridos. En R\u00edo de Janeiro, 400.000 personas coparon las arterias de la ciudad detr\u00e1s de las compa\u00f1\u00edas de baile.<\/p>\n<p>Precisamente en R\u00edo es donde las multitudes se hicieron ver y sentir, pero entre baile y diversi\u00f3n, tambi\u00e9n apareci\u00f3 la muerte. Seg\u00fan medios locales, un hombre de 27 a\u00f1os y un adolescente de 15 fueron asesinados, m\u00e1s otro herido de bala desde un auto que se dio a la fuga. Como sistema de promoci\u00f3n, la ciudad carioca \u201cinstituy\u00f3 el carnaval m\u00e1s largo del mundo con cincuenta d\u00edas de duraci\u00f3n\u201d. Desde enero hasta el Mi\u00e9rcoles de Cenizas, el pr\u00f3ximo 26 de febrero.<\/p>\n<p>En San Pablo, la capital, miles de personas tambi\u00e9n salieron a las calles, provocando m\u00e1s heridos por hechos de inseguridad. En Salvador de Bahia, la ciudad m\u00e1s populosa de la regi\u00f3n nordeste, 1 mill\u00f3n de personas danzaron junto a los tr\u00edos el\u00e9ctricos en lo que es el carnaval m\u00e1s tradicional y popular del pa\u00eds.<\/p>\n<p>Otras ciudades como Manaus, en el estado de Amazonas, y Belo Horizonte, o Brasilia, tambi\u00e9n hubo baile en las calles, como as\u00ed violencia e inseguridad. En la capital del pa\u00eds, un hombre muri\u00f3 apu\u00f1alado en hechos confusos. Los carnavales de Brasil son un sello del pa\u00eds, pero no hay agencia de turismo que no recomiende \u201cmoverse con cuidado. Son fechas peligrosas\u201d.<\/p>\n","protected":false},"excerpt":{"rendered":"<p>Cuando febrero comienza a vislumbrar la \u00faltima semana, todo se ti\u00f1e de carnaval. Las ciudades de R\u00edo de Janeiro, Bah\u00eda y hasta San Pablo, comienzan a mostrar a miles de brasile\u00f1os en sus calles danzando. Pero no todo es alegr\u00eda y carnaval, porque para estos tiempos tambi\u00e9n crece el descontrol. Robos, cr\u00edmenes e inseguridad entre bailes y m\u00fasica &nbsp; Es as\u00ed que en los eventos previos a los carnavales, las tres ciudades m\u00e1s famosas vuelcan miles de personas a las calles previo a la semana m\u00e1s maravillosa del continente. Sin&#8230;<\/p>\n","protected":false},"author":3,"featured_media":57956,"comment_status":"closed","ping_status":"closed","sticky":false,"template":"","format":"standard","meta":[],"categories":[4],"tags":[],"_links":{"self":[{"href":"https:\/\/www.actualidadadiario.com\/index.php\/wp-json\/wp\/v2\/posts\/57955"}],"collection":[{"href":"https:\/\/www.actualidadadiario.com\/index.php\/wp-json\/wp\/v2\/posts"}],"about":[{"href":"https:\/\/www.actualidadadiario.com\/index.php\/wp-json\/wp\/v2\/types\/post"}],"author":[{"embeddable":true,"href":"https:\/\/www.actualidadadiario.com\/index.php\/wp-json\/wp\/v2\/users\/3"}],"replies":[{"embeddable":true,"href":"https:\/\/www.actualidadadiario.com\/index.php\/wp-json\/wp\/v2\/comments?post=57955"}],"version-history":[{"count":1,"href":"https:\/\/www.actualidadadiario.com\/index.php\/wp-json\/wp\/v2\/posts\/57955\/revisions"}],"predecessor-version":[{"id":57957,"href":"https:\/\/www.actualidadadiario.com\/index.php\/wp-json\/wp\/v2\/posts\/57955\/revisions\/57957"}],"wp:featuredmedia":[{"embeddable":true,"href":"https:\/\/www.actualidadadiario.com\/index.php\/wp-json\/wp\/v2\/media\/57956"}],"wp:attachment":[{"href":"https:\/\/www.actualidadadiario.com\/index.php\/wp-json\/wp\/v2\/media?parent=57955"}],"wp:term":[{"taxonomy":"category","embeddable":true,"href":"https:\/\/www.actualidadadiario.com\/index.php\/wp-json\/wp\/v2\/categories?post=57955"},{"taxonomy":"post_tag","embeddable":true,"href":"https:\/\/www.actualidadadiario.com\/index.php\/wp-json\/wp\/v2\/tags?post=57955"}],"curies":[{"name":"wp","href":"https:\/\/api.w.org\/{rel}","templated":true}]}}