{"id":57944,"date":"2020-02-18T12:08:16","date_gmt":"2020-02-18T15:08:16","guid":{"rendered":"https:\/\/www.actualidadadiario.com\/?p=57944"},"modified":"2020-02-18T12:08:16","modified_gmt":"2020-02-18T15:08:16","slug":"el-frente-de-todos-impulsa-una-investigacion-legislativa-paralela-del-caso-vicentin","status":"publish","type":"post","link":"https:\/\/www.actualidadadiario.com\/index.php\/2020\/02\/18\/el-frente-de-todos-impulsa-una-investigacion-legislativa-paralela-del-caso-vicentin\/","title":{"rendered":"El Frente de Todos impulsa una investigaci\u00f3n legislativa paralela del caso Vicentin"},"content":{"rendered":"<p style=\"text-align: center;\"><em><strong>El oficialismo impulsa en la C\u00e1mara de Diputados la creaci\u00f3n de una comisi\u00f3n especial que revise el v\u00ednculo entre el Banco Naci\u00f3n y la empresa Vicentin S.A.I.C. durante el gobierno de Mauricio Macri. El objetivo es determinar si desde la entidad bancaria se cometieron &#8220;irregularidades en la operatoria de pr\u00e9stamos y refinanciamiento&#8221; a uno de los principales aportantes de la campa\u00f1a electoral de la alianza Juntos por el Cambio en los comicios del a\u00f1o pasado, as\u00ed como tambi\u00e9n establecer las responsabilidades pol\u00edticas<\/strong><\/em><\/p>\n<p>&nbsp;<\/p>\n<p>Tan s\u00f3lo tres d\u00edas despu\u00e9s de que el fiscal Gerardo Pollicita imput\u00f3 al ex titular del Banco Naci\u00f3n Javier Gonz\u00e1lez Fraga y a los responsables de la cerealera Alberto Padoan y Gustavo Nardelli, la diputada del Frente de Todos Vanesa Massetani realiz\u00f3 ayer un pedido de informes al actual presidente de la entidad bancaria, Eduardo Hecker, para que remita toda documentaci\u00f3n pertinente sobre los pr\u00e9stamos que se le otorgaron a Vicentin; y, adem\u00e1s, present\u00f3 un proyecto de resoluci\u00f3n para crear la Comisi\u00f3n Especial de Revisi\u00f3n de la Relaci\u00f3n Crediticia del Banco de la Naci\u00f3n Argentina y Vicentin S.A.I.C., la cual estar\u00e1 integrada por siete miembros.<\/p>\n<p>Seg\u00fan el escrito, al que tuvo acceso BAE Negocios, la comisi\u00f3n unicameral &#8220;tendr\u00e1 como objetivos principales: estudiar e investigar la relaci\u00f3n crediticia establecida entre el Banco de la Naci\u00f3n Argentina y la firma Vicentino SAIC&#8221; para &#8220;dilucidar si se produjeron irregularidades en la operatoria de pr\u00e9stamos y refiananciamiento entre ambas entidades, y -en su caso- determinar el posible perjuicio para el Estado Nacional, la posible existencia de maniobras espurias, los controles y salvaguardas aplicados -y sus resultados-, y las responsabilidades pol\u00edticas y penales que pudieren caberle a los empresarios, funcionarios y agentes intervinientes en el caso&#8221;.<\/p>\n<p>Aunque hasta el momento desde el oficialismo no avanzaron en conversaciones con los legisladores opositores para la conformaci\u00f3n de la comisi\u00f3n que presidir\u00eda Massetani, fuentes de la bloque del Frente de Todos aseguraron que &#8220;es importante que la oposici\u00f3n est\u00e9 involucrada para dilucidar lo que pas\u00f3 en pos de la calidad institucional&#8221;.<\/p>\n<p>En el informe que el director del Banco Naci\u00f3n Claudio Lozano elev\u00f3 d\u00edas atr\u00e1s al directorio de esa entidad ante el pedido de Vicentin de renegociar la deuda que tiene por m\u00e1s de $18 mil millones, el ex diputado nacional se\u00f1ala que la cerealera santafesina, que realiz\u00f3 importantes aportes a la campa\u00f1a electoral de Juntos por el Cambio, &#8220;en la \u00faltima elecci\u00f3n comenz\u00f3 a incumplir con los pagos al Banco Naci\u00f3n casi en simult\u00e1neo con la elecci\u00f3n de las PASO y la derrota de Mauricio Macri&#8221;. Y subraya que &#8220;en el proceso de endeudamiento que fue acumulando Vicentin con el Banco Naci\u00f3n se superaron los l\u00edmites a los que pod\u00eda acceder en funci\u00f3n de la normativa correspondiente fijada por el Ente Regulador para las Grandes Empresas&#8221;.<\/p>\n<p>&#8220;Sin embargo y sin fundamento alguno la empresa obtuvo la refinanciaci\u00f3n que requer\u00eda sin hacer las cancelaciones correspondientes para volver a encuadrar en la normativa. Extra\u00f1amente la decisi\u00f3n de violar la normativa del Banco Central para grandes empresas no fue tomada por un acto administrativo del directorio del Banco&#8221;, remarca el escrito de Lozano.<\/p>\n","protected":false},"excerpt":{"rendered":"<p>El oficialismo impulsa en la C\u00e1mara de Diputados la creaci\u00f3n de una comisi\u00f3n especial que revise el v\u00ednculo entre el Banco Naci\u00f3n y la empresa Vicentin S.A.I.C. durante el gobierno de Mauricio Macri. El objetivo es determinar si desde la entidad bancaria se cometieron &#8220;irregularidades en la operatoria de pr\u00e9stamos y refinanciamiento&#8221; a uno de los principales aportantes de la campa\u00f1a electoral de la alianza Juntos por el Cambio en los comicios del a\u00f1o pasado, as\u00ed como tambi\u00e9n establecer las responsabilidades pol\u00edticas &nbsp; Tan s\u00f3lo tres d\u00edas despu\u00e9s de que&#8230;<\/p>\n","protected":false},"author":3,"featured_media":57161,"comment_status":"closed","ping_status":"closed","sticky":false,"template":"","format":"standard","meta":[],"categories":[18],"tags":[],"_links":{"self":[{"href":"https:\/\/www.actualidadadiario.com\/index.php\/wp-json\/wp\/v2\/posts\/57944"}],"collection":[{"href":"https:\/\/www.actualidadadiario.com\/index.php\/wp-json\/wp\/v2\/posts"}],"about":[{"href":"https:\/\/www.actualidadadiario.com\/index.php\/wp-json\/wp\/v2\/types\/post"}],"author":[{"embeddable":true,"href":"https:\/\/www.actualidadadiario.com\/index.php\/wp-json\/wp\/v2\/users\/3"}],"replies":[{"embeddable":true,"href":"https:\/\/www.actualidadadiario.com\/index.php\/wp-json\/wp\/v2\/comments?post=57944"}],"version-history":[{"count":1,"href":"https:\/\/www.actualidadadiario.com\/index.php\/wp-json\/wp\/v2\/posts\/57944\/revisions"}],"predecessor-version":[{"id":57945,"href":"https:\/\/www.actualidadadiario.com\/index.php\/wp-json\/wp\/v2\/posts\/57944\/revisions\/57945"}],"wp:featuredmedia":[{"embeddable":true,"href":"https:\/\/www.actualidadadiario.com\/index.php\/wp-json\/wp\/v2\/media\/57161"}],"wp:attachment":[{"href":"https:\/\/www.actualidadadiario.com\/index.php\/wp-json\/wp\/v2\/media?parent=57944"}],"wp:term":[{"taxonomy":"category","embeddable":true,"href":"https:\/\/www.actualidadadiario.com\/index.php\/wp-json\/wp\/v2\/categories?post=57944"},{"taxonomy":"post_tag","embeddable":true,"href":"https:\/\/www.actualidadadiario.com\/index.php\/wp-json\/wp\/v2\/tags?post=57944"}],"curies":[{"name":"wp","href":"https:\/\/api.w.org\/{rel}","templated":true}]}}