{"id":57939,"date":"2020-02-18T12:06:43","date_gmt":"2020-02-18T15:06:43","guid":{"rendered":"https:\/\/www.actualidadadiario.com\/?p=57939"},"modified":"2020-02-18T12:06:43","modified_gmt":"2020-02-18T15:06:43","slug":"bolsonaro-insiste-a-los-cancilleres-para-que-pongan-fecha-de-reunion-con-alberto-fernandez","status":"publish","type":"post","link":"https:\/\/www.actualidadadiario.com\/index.php\/2020\/02\/18\/bolsonaro-insiste-a-los-cancilleres-para-que-pongan-fecha-de-reunion-con-alberto-fernandez\/","title":{"rendered":"Bolsonaro insiste a los cancilleres para que pongan fecha de reuni\u00f3n con Alberto Fern\u00e1ndez"},"content":{"rendered":"<p style=\"text-align: center;\"><em><strong>El mandatario de Brasil busca concretar su primer encuentro con su par argentino, luego de negarse en un primer momento debido a sus diferencias ideol\u00f3gicas. La agenda del Mercosur, entre las prioridades de ambos<\/strong><\/em><\/p>\n<p>&nbsp;<\/p>\n<p>&nbsp;<\/p>\n<p>El presidente de Brasil, Jair Bolsonaro, inst\u00f3 este lunes a los cancilleres de su pa\u00eds y de la Argentina a que lleguen a un acuerdo para poder elegir una fecha que le permita concretar su primer encuentro con Alberto Fern\u00e1ndez desde que ambos son mandatarios. El pedido del brasile\u00f1o llega luego de que se frustrara la posibilidad de una reuni\u00f3n para el 1 de marzo debido a que coincide con el comienzo del a\u00f1o legislativo en Argentina.<\/p>\n<p>&#8220;Depender\u00e1 de los cancilleres&#8221;, sostuvo este lunes Bolsonaro al ser consultado por la prensa de su pa\u00eds sobre la reuni\u00f3n con su par argentino, con quien no tiene sinton\u00eda ideol\u00f3gica. Desde la asunci\u00f3n de Fern\u00e1ndez en diciembre \u00faltimo, la relaci\u00f3n entre ambos registr\u00f3 varios contrapuntos debido a la cercan\u00eda del argentino con el expresidente brasile\u00f1o Luis Ignacio \u201cLula\u201d da Silva.<\/p>\n<p>La postura de Bolsonaro en un primer momento fue negarse a concretar un encuentro con Fern\u00e1ndez. Sin embargo, en las \u00faltimas semanas la relaci\u00f3n entre ambos pa\u00edses comenz\u00f3 a distenderse y las canciller\u00edas hab\u00edan acordado verse el domingo 1 de marzo en Montevideo, aprovechando la ceremonia de asunci\u00f3n presidencial de Luis Lacalle Pou. Esta chance finalmente qued\u00f3 sepultada debido a que el mandatario argentino ese d\u00eda debe dar su primer discurso de inicio de sesiones ordinarias del Congreso por lo que finalmente no acudir\u00eda a la ceremonia en Uruguay.<\/p>\n<p>&#8220;En ese d\u00eda hay un evento en Argentina, el inicio del a\u00f1o legislativo, y (Fern\u00e1ndez) dif\u00edcilmente podr\u00eda acudir. Yo les dije que pod\u00eda quedarme m\u00e1s tiempo en Uruguay en caso de que \u00e9l fuera a Montevideo. Parece que ahora no habr\u00e1 tiempo para cumplir esa agenda&#8221;, explic\u00f3 Bolsonaro a los periodistas.<\/p>\n<p>Y, sobre el temario que abordar\u00eda con Fern\u00e1ndez cuando finalmente se vean las caras, agreg\u00f3: &#8220;Lo que nosotros queremos con Argentina es el Mercosur, una buena relaci\u00f3n, pero teniendo a la democracia y a la libertad por encima de todo&#8221;.<\/p>\n<p>D\u00edas atr\u00e1s el canciller argentino, Felipe Sol\u00e1, visit\u00f3 a Bolsonaro en el Palacio del Planalto, sede del gobierno brasile\u00f1o, encuentro permiti\u00f3 un acercamiento y relajar la relaci\u00f3n bilateral, signada hasta el momento por las diferencias ideol\u00f3gicas entre los dos presidentes.<\/p>\n","protected":false},"excerpt":{"rendered":"<p>El mandatario de Brasil busca concretar su primer encuentro con su par argentino, luego de negarse en un primer momento debido a sus diferencias ideol\u00f3gicas. La agenda del Mercosur, entre las prioridades de ambos &nbsp; &nbsp; El presidente de Brasil, Jair Bolsonaro, inst\u00f3 este lunes a los cancilleres de su pa\u00eds y de la Argentina a que lleguen a un acuerdo para poder elegir una fecha que le permita concretar su primer encuentro con Alberto Fern\u00e1ndez desde que ambos son mandatarios. El pedido del brasile\u00f1o llega luego de que se&#8230;<\/p>\n","protected":false},"author":3,"featured_media":57940,"comment_status":"closed","ping_status":"closed","sticky":false,"template":"","format":"standard","meta":[],"categories":[18],"tags":[],"_links":{"self":[{"href":"https:\/\/www.actualidadadiario.com\/index.php\/wp-json\/wp\/v2\/posts\/57939"}],"collection":[{"href":"https:\/\/www.actualidadadiario.com\/index.php\/wp-json\/wp\/v2\/posts"}],"about":[{"href":"https:\/\/www.actualidadadiario.com\/index.php\/wp-json\/wp\/v2\/types\/post"}],"author":[{"embeddable":true,"href":"https:\/\/www.actualidadadiario.com\/index.php\/wp-json\/wp\/v2\/users\/3"}],"replies":[{"embeddable":true,"href":"https:\/\/www.actualidadadiario.com\/index.php\/wp-json\/wp\/v2\/comments?post=57939"}],"version-history":[{"count":1,"href":"https:\/\/www.actualidadadiario.com\/index.php\/wp-json\/wp\/v2\/posts\/57939\/revisions"}],"predecessor-version":[{"id":57941,"href":"https:\/\/www.actualidadadiario.com\/index.php\/wp-json\/wp\/v2\/posts\/57939\/revisions\/57941"}],"wp:featuredmedia":[{"embeddable":true,"href":"https:\/\/www.actualidadadiario.com\/index.php\/wp-json\/wp\/v2\/media\/57940"}],"wp:attachment":[{"href":"https:\/\/www.actualidadadiario.com\/index.php\/wp-json\/wp\/v2\/media?parent=57939"}],"wp:term":[{"taxonomy":"category","embeddable":true,"href":"https:\/\/www.actualidadadiario.com\/index.php\/wp-json\/wp\/v2\/categories?post=57939"},{"taxonomy":"post_tag","embeddable":true,"href":"https:\/\/www.actualidadadiario.com\/index.php\/wp-json\/wp\/v2\/tags?post=57939"}],"curies":[{"name":"wp","href":"https:\/\/api.w.org\/{rel}","templated":true}]}}