{"id":57931,"date":"2020-02-18T12:04:36","date_gmt":"2020-02-18T15:04:36","guid":{"rendered":"https:\/\/www.actualidadadiario.com\/?p=57931"},"modified":"2020-02-18T12:04:36","modified_gmt":"2020-02-18T15:04:36","slug":"dujovne-se-armo-una-cartera-de-clientes-con-los-contactos-que-hizo-en-el-g-20","status":"publish","type":"post","link":"https:\/\/www.actualidadadiario.com\/index.php\/2020\/02\/18\/dujovne-se-armo-una-cartera-de-clientes-con-los-contactos-que-hizo-en-el-g-20\/","title":{"rendered":"Dujovne se arm\u00f3 una cartera de clientes con los contactos que hizo en el G-20"},"content":{"rendered":"<p style=\"text-align: center;\"><em><strong>Mientras mantiene la \u201camistad\u201d con Macri, el ex ministro de Econom\u00eda volvi\u00f3 a la actividad privada y asesorar\u00e1 a empresarios y presidentes de bancos centrales que conoci\u00f3 en la funci\u00f3n p\u00fablica<\/strong><\/em><\/p>\n<p>&nbsp;<\/p>\n<p>&nbsp;<\/p>\n<p>\u201cMauricio (Macri) le tiene confianza, su relaci\u00f3n no cambi\u00f3 en nada. Llegaron a armar una buena amistad\u201d, cuentan los que conocen la intimidad del ex ministro de Econom\u00eda de Cambiemos Nicol\u00e1s Dujovne. El expresidente, admiten de ambos lados, lo valora y no le recrimina nada de lo que ocurri\u00f3 en el \u00faltimo tiempo, cargando las tintas sobre los que le vendieron inicialmente el plan que fracas\u00f3 en lo econ\u00f3mico. Aprovechando los contactos, el economista que salt\u00f3 de panelista al palacio de Hacienda empez\u00f3 a recomponer su vida laboral y ya tiene bien calibrado un esquema de asesoramiento a empresarios, a nivel local y en el exterior.<\/p>\n<p>Los d\u00edas de Dujovne, luego de unas vacaciones promocionadas en los Alpes franceses, transcurren con una tranquilidad inusitada para un funcionario que sali\u00f3 eyectado de un cargo caliente. Como muchos otros de sus colegas, busca volver a la consultor\u00eda, lugar que frecuentaba antes de que Macri le pidiera ser ministro, en 2017 y hasta el 2019. \u201cQuiere ser un consultor relevante y lo est\u00e1 logrando\u201d, afirman en su entorno.<\/p>\n<p>\u00bfPor d\u00f3nde pasa el nuevo negocio del exministro que se hizo conocido por haber promocionado el acuerdo con el FMI? Adem\u00e1s de las empresas de diferentes rubros que asesora a nivel local, se arm\u00f3 una nada despreciable cartera de clientes en el exterior, gracias a los contactos que le acerc\u00f3 su estad\u00eda en la funci\u00f3n p\u00fablica. V\u00ednculos con ministros de Econom\u00eda del exterior y hasta banqueros centrales. Todos estos nexos se aceitaron en el marco de la coordinaci\u00f3n de las reuniones del G-20 en Argentina.<\/p>\n<p>Aunque en el marco de la crisis actual parezca dif\u00edcil encontrarle virtudes, el C\u00edrculo Rojo le reconoce a Dujovne su rol de ordenador de las cuentas fiscales y el ajuste del gasto p\u00fablico. Muchos de esos contactos ya los ten\u00eda desde sus a\u00f1os de consultor y columnista de televisi\u00f3n.<\/p>\n<p>Cuando se filtr\u00f3 el video de Macri en Neuqu\u00e9n, en el que culp\u00f3 a su equipo de no haber atendido sus avisos de que los mercados dejar\u00edan al pa\u00eds sin respaldo, Dujovne supo al instante que el presidente no se refer\u00eda a \u00e9l. Los que estuvieron cerca de ese affaire aseguran que la cr\u00edtica fue a Alfonso Prat Gay, primer ministro de Hacienda de Cambiemos, y a Luis \u201cToto\u201d Caputo, el &#8220;Messi de las Finanzas&#8221;. Macri les atribuye a ellos la autor\u00eda t\u00e9cnica del plan oficial.<\/p>\n<p>Jura y perjura que volver\u00e1 a la pol\u00edtica en lo inmediato y que nunca fue su obsesi\u00f3n llegar a la funci\u00f3n p\u00fablica. Algunos de los que menos lo quieren entre los ministros con los que comparti\u00f3 tareas comentan un dato de color. No escribe en su cuenta de Twitter desde agosto de 2019, donde mantiene el link a la web del ministerio que ahora opera Mart\u00edn Guzm\u00e1n y en la que conserva como foto de portada, adem\u00e1s, una imagen de la campa\u00f1a 2019 de Macri con Horario Rodr\u00edguez Larreta, Mar\u00eda Eugenia Vidal y Miguel Pichetto. Una rareza que nadie sabe ni puede explicar.<\/p>\n","protected":false},"excerpt":{"rendered":"<p>Mientras mantiene la \u201camistad\u201d con Macri, el ex ministro de Econom\u00eda volvi\u00f3 a la actividad privada y asesorar\u00e1 a empresarios y presidentes de bancos centrales que conoci\u00f3 en la funci\u00f3n p\u00fablica &nbsp; &nbsp; \u201cMauricio (Macri) le tiene confianza, su relaci\u00f3n no cambi\u00f3 en nada. Llegaron a armar una buena amistad\u201d, cuentan los que conocen la intimidad del ex ministro de Econom\u00eda de Cambiemos Nicol\u00e1s Dujovne. El expresidente, admiten de ambos lados, lo valora y no le recrimina nada de lo que ocurri\u00f3 en el \u00faltimo tiempo, cargando las tintas sobre&#8230;<\/p>\n","protected":false},"author":3,"featured_media":27398,"comment_status":"closed","ping_status":"closed","sticky":false,"template":"","format":"standard","meta":[],"categories":[18],"tags":[],"_links":{"self":[{"href":"https:\/\/www.actualidadadiario.com\/index.php\/wp-json\/wp\/v2\/posts\/57931"}],"collection":[{"href":"https:\/\/www.actualidadadiario.com\/index.php\/wp-json\/wp\/v2\/posts"}],"about":[{"href":"https:\/\/www.actualidadadiario.com\/index.php\/wp-json\/wp\/v2\/types\/post"}],"author":[{"embeddable":true,"href":"https:\/\/www.actualidadadiario.com\/index.php\/wp-json\/wp\/v2\/users\/3"}],"replies":[{"embeddable":true,"href":"https:\/\/www.actualidadadiario.com\/index.php\/wp-json\/wp\/v2\/comments?post=57931"}],"version-history":[{"count":1,"href":"https:\/\/www.actualidadadiario.com\/index.php\/wp-json\/wp\/v2\/posts\/57931\/revisions"}],"predecessor-version":[{"id":57932,"href":"https:\/\/www.actualidadadiario.com\/index.php\/wp-json\/wp\/v2\/posts\/57931\/revisions\/57932"}],"wp:featuredmedia":[{"embeddable":true,"href":"https:\/\/www.actualidadadiario.com\/index.php\/wp-json\/wp\/v2\/media\/27398"}],"wp:attachment":[{"href":"https:\/\/www.actualidadadiario.com\/index.php\/wp-json\/wp\/v2\/media?parent=57931"}],"wp:term":[{"taxonomy":"category","embeddable":true,"href":"https:\/\/www.actualidadadiario.com\/index.php\/wp-json\/wp\/v2\/categories?post=57931"},{"taxonomy":"post_tag","embeddable":true,"href":"https:\/\/www.actualidadadiario.com\/index.php\/wp-json\/wp\/v2\/tags?post=57931"}],"curies":[{"name":"wp","href":"https:\/\/api.w.org\/{rel}","templated":true}]}}