{"id":57928,"date":"2020-02-18T12:03:40","date_gmt":"2020-02-18T15:03:40","guid":{"rendered":"https:\/\/www.actualidadadiario.com\/?p=57928"},"modified":"2020-02-18T12:03:40","modified_gmt":"2020-02-18T15:03:40","slug":"guzman-viaja-por-encuentro-del-g20-en-un-momento-clave","status":"publish","type":"post","link":"https:\/\/www.actualidadadiario.com\/index.php\/2020\/02\/18\/guzman-viaja-por-encuentro-del-g20-en-un-momento-clave\/","title":{"rendered":"Guzm\u00e1n viaja por encuentro del G20 en un momento clave"},"content":{"rendered":"<p style=\"text-align: center;\"><em><strong>El ministro de Econom\u00eda, Mart\u00edn Guzm\u00e1n, viajar\u00e1 esta semana a una cumbre con sus pares del G-20 en Arabia Saudita para seguir avanzando en la renegociaci\u00f3n de la deuda con el Fondo Monetario Internacional (FMI)<\/strong><\/em><\/p>\n<p>&nbsp;<\/p>\n<p>&nbsp;<\/p>\n<p>El ministro participar\u00e1 en esta cumbre el 21 y el 22 de este mes en Riad, aunque no se descarta que extienda su viaje a otros destinos para avanzar tambi\u00e9n en el di\u00e1logo con los acreedores privados, indicaron en el Palacio de Hacienda.<\/p>\n<p>En Riad, Guzm\u00e1n se cruzar\u00e1 con la directora gerente del Fondo, Kristalina Georgieva, con quien podr\u00eda tener un encuentro aparte del plenario de funcionarios que asistir\u00e1n al G-20 en Arabia Saudita.<\/p>\n<p>Tambi\u00e9n podr\u00e1 dialogar con el secretario del Tesoro de Estados Unidos, Steven Mnuchin, un actor clave para el voto de los organismos multilaterales de cr\u00e9dito. Adem\u00e1s, estar\u00e1 el probable sucesor de David Lipton como n\u00famero dos del Fondo; Geoffrey Okamoto, subsecretario Interino de Finanzas Internacionales y Desarrollo del Tesoro.<\/p>\n<p>Okamoto, quien estuvo en Buenos Aires cuando la Argentina presidi\u00f3 el G-20, ser\u00e1 la voz de la administraci\u00f3n Trump en el Fondo Monetario.<\/p>\n<p>El cara a cara con la n\u00famero uno del Fondo servir\u00e1 como corolario de la misi\u00f3n que, hasta pasado ma\u00f1ana, desarrollar\u00e1n los t\u00e9cnicos del organismo multilateral en Buenos Aires con reuniones en Econom\u00eda, el Banco Central y otros organismos.<\/p>\n<p>Pese a la ret\u00f3rica beligerante de la vicepresidenta Cristina Kirchner d\u00edas atr\u00e1s, en la que acus\u00f3 al Fondo de violar su estatuto y le pidi\u00f3 una quita de la deuda argentina, en Casa de Gobierno impera un clima de tranquilidad por el avance de las negociaciones.<\/p>\n","protected":false},"excerpt":{"rendered":"<p>El ministro de Econom\u00eda, Mart\u00edn Guzm\u00e1n, viajar\u00e1 esta semana a una cumbre con sus pares del G-20 en Arabia Saudita para seguir avanzando en la renegociaci\u00f3n de la deuda con el Fondo Monetario Internacional (FMI) &nbsp; &nbsp; El ministro participar\u00e1 en esta cumbre el 21 y el 22 de este mes en Riad, aunque no se descarta que extienda su viaje a otros destinos para avanzar tambi\u00e9n en el di\u00e1logo con los acreedores privados, indicaron en el Palacio de Hacienda. En Riad, Guzm\u00e1n se cruzar\u00e1 con la directora gerente del&#8230;<\/p>\n","protected":false},"author":3,"featured_media":57929,"comment_status":"closed","ping_status":"closed","sticky":false,"template":"","format":"standard","meta":[],"categories":[9],"tags":[],"_links":{"self":[{"href":"https:\/\/www.actualidadadiario.com\/index.php\/wp-json\/wp\/v2\/posts\/57928"}],"collection":[{"href":"https:\/\/www.actualidadadiario.com\/index.php\/wp-json\/wp\/v2\/posts"}],"about":[{"href":"https:\/\/www.actualidadadiario.com\/index.php\/wp-json\/wp\/v2\/types\/post"}],"author":[{"embeddable":true,"href":"https:\/\/www.actualidadadiario.com\/index.php\/wp-json\/wp\/v2\/users\/3"}],"replies":[{"embeddable":true,"href":"https:\/\/www.actualidadadiario.com\/index.php\/wp-json\/wp\/v2\/comments?post=57928"}],"version-history":[{"count":1,"href":"https:\/\/www.actualidadadiario.com\/index.php\/wp-json\/wp\/v2\/posts\/57928\/revisions"}],"predecessor-version":[{"id":57930,"href":"https:\/\/www.actualidadadiario.com\/index.php\/wp-json\/wp\/v2\/posts\/57928\/revisions\/57930"}],"wp:featuredmedia":[{"embeddable":true,"href":"https:\/\/www.actualidadadiario.com\/index.php\/wp-json\/wp\/v2\/media\/57929"}],"wp:attachment":[{"href":"https:\/\/www.actualidadadiario.com\/index.php\/wp-json\/wp\/v2\/media?parent=57928"}],"wp:term":[{"taxonomy":"category","embeddable":true,"href":"https:\/\/www.actualidadadiario.com\/index.php\/wp-json\/wp\/v2\/categories?post=57928"},{"taxonomy":"post_tag","embeddable":true,"href":"https:\/\/www.actualidadadiario.com\/index.php\/wp-json\/wp\/v2\/tags?post=57928"}],"curies":[{"name":"wp","href":"https:\/\/api.w.org\/{rel}","templated":true}]}}