{"id":57923,"date":"2020-02-18T12:02:08","date_gmt":"2020-02-18T15:02:08","guid":{"rendered":"https:\/\/www.actualidadadiario.com\/?p=57923"},"modified":"2020-02-18T12:02:08","modified_gmt":"2020-02-18T15:02:08","slug":"el-programa-precios-cuidados-llego-a-los-comercios-mayoristas","status":"publish","type":"post","link":"https:\/\/www.actualidadadiario.com\/index.php\/2020\/02\/18\/el-programa-precios-cuidados-llego-a-los-comercios-mayoristas\/","title":{"rendered":"El programa Precios Cuidados lleg\u00f3 a los comercios mayoristas"},"content":{"rendered":"<p style=\"text-align: center;\"><em><strong>El gobierno negoci\u00f3 con la c\u00e1mara sectorial una lista de 59 productos con un descuento promedio del 9%. Era una demanda de los comercios de proximidad, como almacenes y chinos. Kulfas asegur\u00f3 que la tendencia inflacionaria sigui\u00f3 a la baja en lo que va de febrero<\/strong><\/em><\/p>\n<p>&nbsp;<\/p>\n<p>El gobierno confirm\u00f3 la extensi\u00f3n del programa Precios Cuidados a los mayoristas y distribuidores por medio de una lista de 59 productos con un descuento promedio del 9% respecto a los vigentes actualmente en ese segmento del comercio. El acuerdo se firm\u00f3 con la c\u00e1mara empresaria sectorial CADAM.<\/p>\n<p>El ministro de Desarrollo Productivo, Mat\u00edas Kulfas, asegur\u00f3 en conferencia de prensa que el objetivo es que los peque\u00f1os comercios como los almacenes dispongan de una serie de productos de consumo\u00a0 masivo a los mismos precios de los que disponen las grandes cadenas de supermercados.<\/p>\n<p>Para eso, destac\u00f3 que la lista de Precios Cuidados mayorista estar\u00e1 disponible en 200 sucursales alrededor del pa\u00eds. El acuerdo incluye primeras y segundas marcas de art\u00edculos alimenticios y de limpieza y tocador, se\u00f1al\u00f3 Kulfas.<\/p>\n<p>\u201cEs una cuerdo sumamente favorable que permite continuar con esta pol\u00edtica de precios m\u00e1s accesibles y de referencia para todo el sistema\u201d, se\u00f1al\u00f3 Kulfas. El acuerdo es anual con revisiones trimestrales, agreg\u00f3 el funcionario.<\/p>\n<p>El objetivo, destac\u00f3, es \u201cmorigerar las dispersiones que existen por el proceso de alta inflaci\u00f3n de 2019 y contribuir a la estrategia general antiinflacionaria que implementa el gobierno con eje en el Acuerdo Econ\u00f3mico y Social\u201d.<\/p>\n<p>El titular de Desarrollo Productivo evalu\u00f3 que la inflaci\u00f3n del 2,3% de enero es resultado de esa pol\u00edtica y augur\u00f3 que el acuerdo mayorista sea un aporte en el mismo sentido.<\/p>\n<p>El referente de los almacenes bonaerenses, Fernando Savore, reconoci\u00f3 la expectativa del sector con el anuncio oficial si bien se\u00f1al\u00f3 que su sector no fue convocado al anuncio.<\/p>\n<p>Los autoservicios chinos son el otro importante sector del segmento de proximidad que pidi\u00f3 expresamente precios mayoristas competitivos para sumarse a Precios Cuidados.<\/p>\n<p>La secretaria de Comercio Interior Paula Espa\u00f1ol precis\u00f3 que el acuerdo cubre el 90% de los mayoristas, un factor que asoci\u00f3 a su alcance territorial. Espa\u00f1ol afirm\u00f3 que la administraci\u00f3n negoci\u00f3 con \u201c33 supermercados medianos y peque\u00f1os que suman casi 370 bocas de expendio que tiene representatividad en todo el pa\u00eds\u201d y que podr\u00e1n acceder al beneficio que se anunci\u00f3 esta tarde.<\/p>\n<p>\u201cLa importancia de este anuncio de 59 productos para mayoristas y proveedores es que va a permitir a los comercios de proximidad que no tienen contacto con los proveedores tener un precio de estos productos que despu\u00e9s llevados a sus g\u00f3ndolas de estos comercios sean los mismos precios que tienen las grandes cadenas\u201d, declar\u00f3 en la conferencia de prensa.<\/p>\n<p>&nbsp;<\/p>\n<p><strong>Precios de alimentos<\/strong><\/p>\n<p>Kulfas atribuy\u00f3 los aumentos de los alimentos a la inercia de la inflaci\u00f3n de 2019 y al traslado de la devaluaci\u00f3n a precios. Tambi\u00e9n se\u00f1al\u00f3 la incidencia del agregado del IVA por parte de algunas empresas a una serie de productos que gozaban de una rebaja.<\/p>\n<p>No obstante asegur\u00f3 que el gobierno tiene datos que hacen prever que existe una posible desaceleraci\u00f3n.<\/p>\n","protected":false},"excerpt":{"rendered":"<p>El gobierno negoci\u00f3 con la c\u00e1mara sectorial una lista de 59 productos con un descuento promedio del 9%. Era una demanda de los comercios de proximidad, como almacenes y chinos. Kulfas asegur\u00f3 que la tendencia inflacionaria sigui\u00f3 a la baja en lo que va de febrero &nbsp; El gobierno confirm\u00f3 la extensi\u00f3n del programa Precios Cuidados a los mayoristas y distribuidores por medio de una lista de 59 productos con un descuento promedio del 9% respecto a los vigentes actualmente en ese segmento del comercio. El acuerdo se firm\u00f3 con&#8230;<\/p>\n","protected":false},"author":3,"featured_media":54346,"comment_status":"closed","ping_status":"closed","sticky":false,"template":"","format":"standard","meta":[],"categories":[2],"tags":[],"_links":{"self":[{"href":"https:\/\/www.actualidadadiario.com\/index.php\/wp-json\/wp\/v2\/posts\/57923"}],"collection":[{"href":"https:\/\/www.actualidadadiario.com\/index.php\/wp-json\/wp\/v2\/posts"}],"about":[{"href":"https:\/\/www.actualidadadiario.com\/index.php\/wp-json\/wp\/v2\/types\/post"}],"author":[{"embeddable":true,"href":"https:\/\/www.actualidadadiario.com\/index.php\/wp-json\/wp\/v2\/users\/3"}],"replies":[{"embeddable":true,"href":"https:\/\/www.actualidadadiario.com\/index.php\/wp-json\/wp\/v2\/comments?post=57923"}],"version-history":[{"count":1,"href":"https:\/\/www.actualidadadiario.com\/index.php\/wp-json\/wp\/v2\/posts\/57923\/revisions"}],"predecessor-version":[{"id":57924,"href":"https:\/\/www.actualidadadiario.com\/index.php\/wp-json\/wp\/v2\/posts\/57923\/revisions\/57924"}],"wp:featuredmedia":[{"embeddable":true,"href":"https:\/\/www.actualidadadiario.com\/index.php\/wp-json\/wp\/v2\/media\/54346"}],"wp:attachment":[{"href":"https:\/\/www.actualidadadiario.com\/index.php\/wp-json\/wp\/v2\/media?parent=57923"}],"wp:term":[{"taxonomy":"category","embeddable":true,"href":"https:\/\/www.actualidadadiario.com\/index.php\/wp-json\/wp\/v2\/categories?post=57923"},{"taxonomy":"post_tag","embeddable":true,"href":"https:\/\/www.actualidadadiario.com\/index.php\/wp-json\/wp\/v2\/tags?post=57923"}],"curies":[{"name":"wp","href":"https:\/\/api.w.org\/{rel}","templated":true}]}}