{"id":57919,"date":"2020-02-18T12:00:36","date_gmt":"2020-02-18T15:00:36","guid":{"rendered":"https:\/\/www.actualidadadiario.com\/?p=57919"},"modified":"2020-02-18T12:00:36","modified_gmt":"2020-02-18T15:00:36","slug":"lavagna-se-reunio-con-consultoras-privadas-para-actualizar-los-mecanismos-de-medicion","status":"publish","type":"post","link":"https:\/\/www.actualidadadiario.com\/index.php\/2020\/02\/18\/lavagna-se-reunio-con-consultoras-privadas-para-actualizar-los-mecanismos-de-medicion\/","title":{"rendered":"Lavagna se reuni\u00f3 con consultoras privadas para actualizar los mecanismos de medici\u00f3n"},"content":{"rendered":"<p style=\"text-align: center;\"><em><strong>El director del INDEC propuso trabajar m\u00e1s cerca de las organizaciones civiles para &#8220;fortalecer la transparencia y ayudar a dar un salto de calidad&#8221; en la producci\u00f3n de las estad\u00edsticas oficiales<\/strong><\/em><\/p>\n<p>&nbsp;<\/p>\n<p>&nbsp;<\/p>\n<p>Marco Lavagna, el director del INDEC, mantuvo una reuni\u00f3n con directivos y representantes de consultoras privadas para presentar la actualizaci\u00f3n del programa de trabajo de ese organismo para los pr\u00f3ximos a\u00f1os. Tambi\u00e9n se analiz\u00f3 la planificaci\u00f3n de nuevos productos estad\u00edsticos y las novedades institucionales de inter\u00e9s para los usuarios calificados.<\/p>\n<p>Durante la jornada, que tuvo lugar en la sede central del Instituto, Lavagna propuso trabajar m\u00e1s cerca de las organizaciones civiles para &#8220;fortalecer la transparencia y ayudar a dar un salto de calidad&#8221; en la producci\u00f3n de las estad\u00edsticas oficiales. \u201cEl intercambio, ya sea a trav\u00e9s de la canalizaci\u00f3n de consultas o de requerimientos, nos permite mejorar de forma constante la presentaci\u00f3n de la informaci\u00f3n&#8221;, afirm\u00f3 el funcionario.<\/p>\n<p>El director del INDEC tambi\u00e9n explic\u00f3 sus ejes de gesti\u00f3n, basados en el &#8220;fortalecimiento institucional, la mejora continua en el proceso de producci\u00f3n estad\u00edstica y la ampliaci\u00f3n del acervo estad\u00edstico argentino&#8221;.<\/p>\n<p>En ese marco, reivindic\u00f3 el &#8220;desaf\u00edo de incorporar registros administrativos, la necesidad de fortalecer a las direcciones provinciales de estad\u00edstica y la importancia de elaborar nuevos indicadores que aborden, entre otros, la perspectiva de g\u00e9nero y cuestiones ambientales&#8221;.<\/p>\n<p>&#8220;Con los registros administrativos no solo podremos dar un salto cualitativo y cuantitativo sino tener estad\u00edsticas m\u00e1s precisas y m\u00e1s oportunas&#8221;, acentu\u00f3 el funcionario.<\/p>\n<p>El Instituto prev\u00e9 planificar nuevos encuentros con usuarios calificados con el prop\u00f3sito de afianzar los v\u00ednculos con la comunidad estad\u00edstica y la sociedad civil en su conjunto.<\/p>\n<p>Lavagna realiz\u00f3 la reuni\u00f3n luego de que el Instituto Nacional de Estad\u00edstica y Censos publique el \u00edndice de inflaci\u00f3n de enero el viernes pasado. El mes pasado, el aumento generalizado de los precios fue del 2,3%, el dato fue menor que el proyectado por distintas consultoras. Fue la cifra m\u00e1s baja desde julio, y registr\u00f3 una desaceleraci\u00f3n de 1,4 p.p. con respecto a diciembre.<\/p>\n","protected":false},"excerpt":{"rendered":"<p>El director del INDEC propuso trabajar m\u00e1s cerca de las organizaciones civiles para &#8220;fortalecer la transparencia y ayudar a dar un salto de calidad&#8221; en la producci\u00f3n de las estad\u00edsticas oficiales &nbsp; &nbsp; Marco Lavagna, el director del INDEC, mantuvo una reuni\u00f3n con directivos y representantes de consultoras privadas para presentar la actualizaci\u00f3n del programa de trabajo de ese organismo para los pr\u00f3ximos a\u00f1os. Tambi\u00e9n se analiz\u00f3 la planificaci\u00f3n de nuevos productos estad\u00edsticos y las novedades institucionales de inter\u00e9s para los usuarios calificados. Durante la jornada, que tuvo lugar en&#8230;<\/p>\n","protected":false},"author":3,"featured_media":57800,"comment_status":"closed","ping_status":"closed","sticky":false,"template":"","format":"standard","meta":[],"categories":[2],"tags":[],"_links":{"self":[{"href":"https:\/\/www.actualidadadiario.com\/index.php\/wp-json\/wp\/v2\/posts\/57919"}],"collection":[{"href":"https:\/\/www.actualidadadiario.com\/index.php\/wp-json\/wp\/v2\/posts"}],"about":[{"href":"https:\/\/www.actualidadadiario.com\/index.php\/wp-json\/wp\/v2\/types\/post"}],"author":[{"embeddable":true,"href":"https:\/\/www.actualidadadiario.com\/index.php\/wp-json\/wp\/v2\/users\/3"}],"replies":[{"embeddable":true,"href":"https:\/\/www.actualidadadiario.com\/index.php\/wp-json\/wp\/v2\/comments?post=57919"}],"version-history":[{"count":1,"href":"https:\/\/www.actualidadadiario.com\/index.php\/wp-json\/wp\/v2\/posts\/57919\/revisions"}],"predecessor-version":[{"id":57920,"href":"https:\/\/www.actualidadadiario.com\/index.php\/wp-json\/wp\/v2\/posts\/57919\/revisions\/57920"}],"wp:featuredmedia":[{"embeddable":true,"href":"https:\/\/www.actualidadadiario.com\/index.php\/wp-json\/wp\/v2\/media\/57800"}],"wp:attachment":[{"href":"https:\/\/www.actualidadadiario.com\/index.php\/wp-json\/wp\/v2\/media?parent=57919"}],"wp:term":[{"taxonomy":"category","embeddable":true,"href":"https:\/\/www.actualidadadiario.com\/index.php\/wp-json\/wp\/v2\/categories?post=57919"},{"taxonomy":"post_tag","embeddable":true,"href":"https:\/\/www.actualidadadiario.com\/index.php\/wp-json\/wp\/v2\/tags?post=57919"}],"curies":[{"name":"wp","href":"https:\/\/api.w.org\/{rel}","templated":true}]}}