{"id":57915,"date":"2020-02-18T11:59:12","date_gmt":"2020-02-18T14:59:12","guid":{"rendered":"https:\/\/www.actualidadadiario.com\/?p=57915"},"modified":"2020-02-18T11:59:12","modified_gmt":"2020-02-18T14:59:12","slug":"el-salario-real-perdio-casi-20-puntos-en-los-ultimos-4-anos","status":"publish","type":"post","link":"https:\/\/www.actualidadadiario.com\/index.php\/2020\/02\/18\/el-salario-real-perdio-casi-20-puntos-en-los-ultimos-4-anos\/","title":{"rendered":"El salario real perdi\u00f3 casi 20 puntos en los \u00faltimos 4 a\u00f1os"},"content":{"rendered":"<p style=\"text-align: center;\"><em><strong>El salario real cay\u00f3 6,1% a lo largo de 2019. As\u00ed se desprende del \u00edndice de la Remuneraci\u00f3n Imponible Promedio de los Trabajadores Estables (Ripte), el primer dato oficial de ingresos laborales del sector registrado sobre ese per\u00edodo en ser publicado. Con este derrumbe, el poder adquisitivo acumul\u00f3 un retroceso del 19,5% durante los cuatro a\u00f1os gestionados por Cambiemos<\/strong><\/em><\/p>\n<p>&nbsp;<\/p>\n<p>De acuerdo al \u00edndice que public\u00f3 ayer la Secretar\u00eda de Seguridad Social, los salarios formales cerraron el a\u00f1o pasado a\u00fan sin encontrar piso. En diciembre, avanzaron 2% en t\u00e9rminos mensuales y se ubicaron muy por debajo del IPC nacional que midi\u00f3 el Indec en el mismo per\u00edodo: 3,7%.<\/p>\n<p>Luego de una mitad de 2019 con ingresos reales planchados (sin rebote pero sin retrocesos), la devaluaci\u00f3n desatada en agosto dispar\u00f3 la inflaci\u00f3n e inici\u00f3 un nuevo declive salarial. Una din\u00e1mica similar a la de 2018, cuando la corrida iniciada a fines de abril que inaugur\u00f3 la actual crisis tuvo un impacto letal en los bolsillos de los trabajadores: ese a\u00f1o, de acuerdo al \u00edndice Ripte, el poder adquisitivo se hundi\u00f3 11,5%. As\u00ed, el desplome acumulado entre diciembre pasado y el mismo mes de 2017 fue del 17%.<\/p>\n<p>Sin embargo, la evoluci\u00f3n del salario real no puede medirse en base al IPC Nacional del Indec ya que su serie no cubre todo el per\u00edodo producto del apag\u00f3n estad\u00edstico de fines de 2015. Si se toma el IPC CABA, elaborado por la Direcci\u00f3n Estad\u00edstica del Gobierno porte\u00f1o, que acumul\u00f3 289,6% en ese lapso, la ca\u00edda del poder adquisitivo durante los cuatro a\u00f1os gestionados por Mauricio Macri fue del 19,5%.<\/p>\n<p>Lo cierto es que el Ripte incluye a los sectores menos desprotegidos del universo laboral, en su mayor\u00eda trabajadores bajo convenio. Por caso, el salario bruto (antes de impuestos) promedio de diciembre fue de $49.574 seg\u00fan el \u00edndice, lo que equivale a un sueldo de bolsillo de $41.147 aproximadamente.<\/p>\n<p>Se espera que la ca\u00edda de las remuneraciones de 2019 haya sido mayor entre los asalariados informales. Esto se sabr\u00e1 el 28 de febrero, cuando el Indec publique su \u00edndice de salarios, que incluye un cap\u00edtulo sobre el sector no registrado.<\/p>\n<p>El panorama salarial para este a\u00f1o es a\u00fan incierto. Por el momento, la estrategia del Gobierno es posponer el grueso de las paritarias para despu\u00e9s de la resoluci\u00f3n de la reestructuraci\u00f3n de la deuda con los acreedores privados y el FMI. Como puente, otorg\u00f3 un aumento por suma fija de $3.000 en enero y $1.000 adicionales en febrero para asalariados del sector privado y un alza de la misma magnitud para los estatales aunque en febrero y marzo respectivamente.<\/p>\n<p>La apuesta oficial a partir de abril es impulsar un acuerdo de precios y salarios para propiciar una paulatina recuperaci\u00f3n salarial, que impulse un rebote del consumo con el foco puesto en sacar a la actividad econ\u00f3mica de la actual recesi\u00f3n, pero moderar al mismo tiempo la pauta paritaria y desacelerar las subas nominales. Es decir, ir hacia una suba leve del poder adquisitivo. En esa clave, consultoras como Ecolatina y Eco Go proyectan un avance de entre 1% y 2,5% a lo largo de 2020.<\/p>\n","protected":false},"excerpt":{"rendered":"<p>El salario real cay\u00f3 6,1% a lo largo de 2019. As\u00ed se desprende del \u00edndice de la Remuneraci\u00f3n Imponible Promedio de los Trabajadores Estables (Ripte), el primer dato oficial de ingresos laborales del sector registrado sobre ese per\u00edodo en ser publicado. Con este derrumbe, el poder adquisitivo acumul\u00f3 un retroceso del 19,5% durante los cuatro a\u00f1os gestionados por Cambiemos &nbsp; De acuerdo al \u00edndice que public\u00f3 ayer la Secretar\u00eda de Seguridad Social, los salarios formales cerraron el a\u00f1o pasado a\u00fan sin encontrar piso. En diciembre, avanzaron 2% en t\u00e9rminos mensuales&#8230;<\/p>\n","protected":false},"author":3,"featured_media":48084,"comment_status":"closed","ping_status":"closed","sticky":false,"template":"","format":"standard","meta":[],"categories":[2],"tags":[],"_links":{"self":[{"href":"https:\/\/www.actualidadadiario.com\/index.php\/wp-json\/wp\/v2\/posts\/57915"}],"collection":[{"href":"https:\/\/www.actualidadadiario.com\/index.php\/wp-json\/wp\/v2\/posts"}],"about":[{"href":"https:\/\/www.actualidadadiario.com\/index.php\/wp-json\/wp\/v2\/types\/post"}],"author":[{"embeddable":true,"href":"https:\/\/www.actualidadadiario.com\/index.php\/wp-json\/wp\/v2\/users\/3"}],"replies":[{"embeddable":true,"href":"https:\/\/www.actualidadadiario.com\/index.php\/wp-json\/wp\/v2\/comments?post=57915"}],"version-history":[{"count":1,"href":"https:\/\/www.actualidadadiario.com\/index.php\/wp-json\/wp\/v2\/posts\/57915\/revisions"}],"predecessor-version":[{"id":57916,"href":"https:\/\/www.actualidadadiario.com\/index.php\/wp-json\/wp\/v2\/posts\/57915\/revisions\/57916"}],"wp:featuredmedia":[{"embeddable":true,"href":"https:\/\/www.actualidadadiario.com\/index.php\/wp-json\/wp\/v2\/media\/48084"}],"wp:attachment":[{"href":"https:\/\/www.actualidadadiario.com\/index.php\/wp-json\/wp\/v2\/media?parent=57915"}],"wp:term":[{"taxonomy":"category","embeddable":true,"href":"https:\/\/www.actualidadadiario.com\/index.php\/wp-json\/wp\/v2\/categories?post=57915"},{"taxonomy":"post_tag","embeddable":true,"href":"https:\/\/www.actualidadadiario.com\/index.php\/wp-json\/wp\/v2\/tags?post=57915"}],"curies":[{"name":"wp","href":"https:\/\/api.w.org\/{rel}","templated":true}]}}